{"id":60309,"date":"2016-02-04T12:45:17","date_gmt":"2016-02-04T10:45:17","guid":{"rendered":"http:\/\/www.sana.sy\/tr\/?p=60309"},"modified":"2016-02-04T15:58:56","modified_gmt":"2016-02-04T13:58:56","slug":"suriyenin-geleceginde-teroristlerin-yeri-yoktur","status":"publish","type":"post","link":"https:\/\/archive.sana.sy\/tr\/?p=60309","title":{"rendered":"Suriye&#8217;nin Gelece\u011finde Ter\u00f6ristlerin Yeri Yoktur"},"content":{"rendered":"<p>TAHRAN \u2013 \u0130ran D\u0131\u015fi\u015fleri Bakan\u0131 H\u00fcseyin Emir Abd\u00fcllehyan Suriye&#8217;nin gelece\u011finde ter\u00f6ristlerin kesinlikle yeri olmad\u0131\u011f\u0131n\u0131 bir kez daha belirtti.<\/p>\n<p>D\u00fcnya televizyonuna bug\u00fcn a\u00e7\u0131klama yapan Abd\u00fcllehyan; Cenevre&#8217;de BM g\u00f6zetimi alt\u0131nda yap\u0131lan Suriyeliler aras\u0131ndaki g\u00f6r\u00fc\u015fmelerin Suriye Arap Cumhuriyeti heyeti ile siyasi s\u00fcrece ve ter\u00f6rle m\u00fccadele \u00f6nemini ikrar eden muhalefet taraflar\u0131 aras\u0131nda olaca\u011f\u0131n\u0131n alt\u0131n\u0131 \u00e7izdi.<\/p>\n<p>\u0130ran rejim \u00c7\u0131karlar\u0131n\u0131 Belirleme Toplulu\u011fu Sekreteri T\u00fcmgeneral Muhsin R\u0131zai ise T\u00fcrkiye ve Suudi Arabistan rejimlerinin ter\u00f6r\u00fc destekleme politikalar\u0131n\u0131n mutlaka ba\u015far\u0131s\u0131zl\u0131k ve h\u00fcsranla sonu\u00e7lanaca\u011f\u0131n\u0131 ifade etti.<\/p>\n","protected":false},"excerpt":{"rendered":"<p>TAHRAN \u2013 \u0130ran D\u0131\u015fi\u015fleri Bakan\u0131 H\u00fcseyin Emir Abd\u00fcllehyan Suriye&#8217;nin gelece\u011finde ter\u00f6ristlerin kesinlikle yeri olmad\u0131\u011f\u0131n\u0131 bir kez daha belirtti. D\u00fcnya televizyonuna bug\u00fcn a\u00e7\u0131klama yapan Abd\u00fcllehyan; Cenevre&#8217;de BM g\u00f6zetimi alt\u0131nda yap\u0131lan Suriyeliler aras\u0131ndaki g\u00f6r\u00fc\u015fmelerin Suriye Arap Cumhuriyeti heyeti ile siyasi s\u00fcrece ve ter\u00f6rle m\u00fccadele \u00f6nemini ikrar eden muhalefet taraflar\u0131 aras\u0131nda olaca\u011f\u0131n\u0131n alt\u0131n\u0131 \u00e7izdi. \u0130ran rejim \u00c7\u0131karlar\u0131n\u0131 Belirleme &hellip;<\/p>\n","protected":false},"author":1,"featured_media":60312,"comment_status":"closed","ping_status":"closed","sticky":false,"template":"","format":"standard","meta":{"footnotes":""},"categories":[458,459,17988],"tags":[],"class_list":["post-60309","post","type-post","status-publish","format-standard","has-post-thumbnail","","category-dunya1","category-haberler-arap-uluslararasi-politika","category-son-haberler"],"_links":{"self":[{"href":"https:\/\/archive.sana.sy\/tr\/index.php?rest_route=\/wp\/v2\/posts\/60309","targetHints":{"allow":["GET"]}}],"collection":[{"href":"https:\/\/archive.sana.sy\/tr\/index.php?rest_route=\/wp\/v2\/posts"}],"about":[{"href":"https:\/\/archive.sana.sy\/tr\/index.php?rest_route=\/wp\/v2\/types\/post"}],"author":[{"embeddable":true,"href":"https:\/\/archive.sana.sy\/tr\/index.php?rest_route=\/wp\/v2\/users\/1"}],"replies":[{"embeddable":true,"href":"https:\/\/archive.sana.sy\/tr\/index.php?rest_route=%2Fwp%2Fv2%2Fcomments&post=60309"}],"version-history":[{"count":0,"href":"https:\/\/archive.sana.sy\/tr\/index.php?rest_route=\/wp\/v2\/posts\/60309\/revisions"}],"wp:featuredmedia":[{"embeddable":true,"href":"https:\/\/archive.sana.sy\/tr\/index.php?rest_route=\/wp\/v2\/media\/60312"}],"wp:attachment":[{"href":"https:\/\/archive.sana.sy\/tr\/index.php?rest_route=%2Fwp%2Fv2%2Fmedia&parent=60309"}],"wp:term":[{"taxonomy":"category","embeddable":true,"href":"https:\/\/archive.sana.sy\/tr\/index.php?rest_route=%2Fwp%2Fv2%2Fcategories&post=60309"},{"taxonomy":"post_tag","embeddable":true,"href":"https:\/\/archive.sana.sy\/tr\/index.php?rest_route=%2Fwp%2Fv2%2Ftags&post=60309"}],"curies":[{"name":"wp","href":"https:\/\/api.w.org\/{rel}","templated":true}]}}