{"id":60313,"date":"2016-02-04T15:44:47","date_gmt":"2016-02-04T13:44:47","guid":{"rendered":"http:\/\/www.sana.sy\/tr\/?p=60313"},"modified":"2016-02-04T16:24:00","modified_gmt":"2016-02-04T14:24:00","slug":"halep-kirsalinda-erdogan-rejimine-tabi-tekfirci-teror-ceteleri-il-kirsalinin-kuzeyinde-basin-ekibini-tasiyan-otobuse-saldirdi","status":"publish","type":"post","link":"https:\/\/archive.sana.sy\/tr\/?p=60313","title":{"rendered":"Halep k\u0131rsal\u0131nda Erdo\u011fan rejimine tabi tekfirci ter\u00f6r \u00e7eteleri il k\u0131rsal\u0131n\u0131n kuzeyinde bas\u0131n ekibini ta\u015f\u0131yan otob\u00fcse sald\u0131rd\u0131"},"content":{"rendered":"<p>Halep k\u0131rsal\u0131nda Erdo\u011fan rejimine tabi tekfirci ter\u00f6r \u00e7eteleri il k\u0131rsal\u0131n\u0131n kuzeyinde bas\u0131n ekibini ta\u015f\u0131yan otob\u00fcse sald\u0131rd\u0131<\/p>\n","protected":false},"excerpt":{"rendered":"<p>Halep k\u0131rsal\u0131nda Erdo\u011fan rejimine tabi tekfirci ter\u00f6r \u00e7eteleri il k\u0131rsal\u0131n\u0131n kuzeyinde bas\u0131n ekibini ta\u015f\u0131yan otob\u00fcse sald\u0131rd\u0131<\/p>\n","protected":false},"author":1,"featured_media":0,"comment_status":"closed","ping_status":"closed","sticky":false,"template":"","format":"standard","meta":{"footnotes":""},"categories":[17991],"tags":[],"class_list":["post-60313","post","type-post","status-publish","format-standard","","category-son-dakika"],"_links":{"self":[{"href":"https:\/\/archive.sana.sy\/tr\/index.php?rest_route=\/wp\/v2\/posts\/60313","targetHints":{"allow":["GET"]}}],"collection":[{"href":"https:\/\/archive.sana.sy\/tr\/index.php?rest_route=\/wp\/v2\/posts"}],"about":[{"href":"https:\/\/archive.sana.sy\/tr\/index.php?rest_route=\/wp\/v2\/types\/post"}],"author":[{"embeddable":true,"href":"https:\/\/archive.sana.sy\/tr\/index.php?rest_route=\/wp\/v2\/users\/1"}],"replies":[{"embeddable":true,"href":"https:\/\/archive.sana.sy\/tr\/index.php?rest_route=%2Fwp%2Fv2%2Fcomments&post=60313"}],"version-history":[{"count":0,"href":"https:\/\/archive.sana.sy\/tr\/index.php?rest_route=\/wp\/v2\/posts\/60313\/revisions"}],"wp:attachment":[{"href":"https:\/\/archive.sana.sy\/tr\/index.php?rest_route=%2Fwp%2Fv2%2Fmedia&parent=60313"}],"wp:term":[{"taxonomy":"category","embeddable":true,"href":"https:\/\/archive.sana.sy\/tr\/index.php?rest_route=%2Fwp%2Fv2%2Fcategories&post=60313"},{"taxonomy":"post_tag","embeddable":true,"href":"https:\/\/archive.sana.sy\/tr\/index.php?rest_route=%2Fwp%2Fv2%2Ftags&post=60313"}],"curies":[{"name":"wp","href":"https:\/\/api.w.org\/{rel}","templated":true}]}}