{"id":60320,"date":"2016-02-04T14:05:40","date_gmt":"2016-02-04T12:05:40","guid":{"rendered":"http:\/\/www.sana.sy\/tr\/?p=60320"},"modified":"2016-02-04T21:04:40","modified_gmt":"2016-02-04T19:04:40","slug":"erdogan-ceteleri-basin-ekibine-saldirdi-2","status":"publish","type":"post","link":"https:\/\/archive.sana.sy\/tr\/?p=60320","title":{"rendered":"Erdo\u011fan \u00c7eteleri Bas\u0131n Ekibine Sald\u0131rd\u0131"},"content":{"rendered":"<p>HALEP \u2013 Halep k\u0131rsal\u0131nda Erdo\u011fan rejimine tabi tekfirci ter\u00f6r \u00e7eteleri il k\u0131rsal\u0131n\u0131n kuzeyinde bas\u0131n ekibini ta\u015f\u0131yan otob\u00fcse sald\u0131rd\u0131.<\/p>\n<p>Ter\u00f6ristlerin sald\u0131r\u0131s\u0131nda SANA muhabiri Kusay Rezzuk ve daha ba\u015fka gazetecilerin yaraland\u0131\u011f\u0131 bildirildi<\/p>\n","protected":false},"excerpt":{"rendered":"<p>HALEP \u2013 Halep k\u0131rsal\u0131nda Erdo\u011fan rejimine tabi tekfirci ter\u00f6r \u00e7eteleri il k\u0131rsal\u0131n\u0131n kuzeyinde bas\u0131n ekibini ta\u015f\u0131yan otob\u00fcse sald\u0131rd\u0131. Ter\u00f6ristlerin sald\u0131r\u0131s\u0131nda SANA muhabiri Kusay Rezzuk ve daha ba\u015fka gazetecilerin yaraland\u0131\u011f\u0131 bildirildi<\/p>\n","protected":false},"author":1,"featured_media":60337,"comment_status":"closed","ping_status":"closed","sticky":false,"template":"","format":"standard","meta":{"footnotes":""},"categories":[556,479,575,17988,557,478],"tags":[14431],"class_list":["post-60320","post","type-post","status-publish","format-standard","has-post-thumbnail","","category-basin","category-haberler-yerel","category-olaylar-ve-gercekler","category-son-haberler","category-suriye-basini","category-yerel","tag-erdogan-ceteleri-basin-ekibine-saldirdi"],"_links":{"self":[{"href":"https:\/\/archive.sana.sy\/tr\/index.php?rest_route=\/wp\/v2\/posts\/60320","targetHints":{"allow":["GET"]}}],"collection":[{"href":"https:\/\/archive.sana.sy\/tr\/index.php?rest_route=\/wp\/v2\/posts"}],"about":[{"href":"https:\/\/archive.sana.sy\/tr\/index.php?rest_route=\/wp\/v2\/types\/post"}],"author":[{"embeddable":true,"href":"https:\/\/archive.sana.sy\/tr\/index.php?rest_route=\/wp\/v2\/users\/1"}],"replies":[{"embeddable":true,"href":"https:\/\/archive.sana.sy\/tr\/index.php?rest_route=%2Fwp%2Fv2%2Fcomments&post=60320"}],"version-history":[{"count":0,"href":"https:\/\/archive.sana.sy\/tr\/index.php?rest_route=\/wp\/v2\/posts\/60320\/revisions"}],"wp:featuredmedia":[{"embeddable":true,"href":"https:\/\/archive.sana.sy\/tr\/index.php?rest_route=\/wp\/v2\/media\/60337"}],"wp:attachment":[{"href":"https:\/\/archive.sana.sy\/tr\/index.php?rest_route=%2Fwp%2Fv2%2Fmedia&parent=60320"}],"wp:term":[{"taxonomy":"category","embeddable":true,"href":"https:\/\/archive.sana.sy\/tr\/index.php?rest_route=%2Fwp%2Fv2%2Fcategories&post=60320"},{"taxonomy":"post_tag","embeddable":true,"href":"https:\/\/archive.sana.sy\/tr\/index.php?rest_route=%2Fwp%2Fv2%2Ftags&post=60320"}],"curies":[{"name":"wp","href":"https:\/\/api.w.org\/{rel}","templated":true}]}}