{"id":60324,"date":"2016-02-04T16:40:19","date_gmt":"2016-02-04T14:40:19","guid":{"rendered":"http:\/\/www.sana.sy\/tr\/?p=60324"},"modified":"2016-02-05T17:29:54","modified_gmt":"2016-02-05T15:29:54","slug":"5-subat-tarihinden-once-silahlarini-teslim-etmeye-cagirdi","status":"publish","type":"post","link":"https:\/\/archive.sana.sy\/tr\/?p=60324","title":{"rendered":"5 \u015eubat Tarihinden \u00d6nce Silahlar\u0131n\u0131 Teslim Etmeye \u00c7a\u011f\u0131rd\u0131 (video)"},"content":{"rendered":"<p>\u015eAM \u2013 Ordu ve Silahl\u0131 Kuvvetler Genel Komutanl\u0131\u011f\u0131 Homs k\u0131rsal\u0131n\u0131n kuzeyinde silah ta\u015f\u0131yan herkesi silah\u0131n\u0131 teslim etmekle kanuni durumunun hemen yeniden d\u00fczenlenmesi ve vatan kuca\u011f\u0131na d\u00f6nmesine \u00e7a\u011f\u0131rd\u0131.<\/p>\n<p>Genel Komutanl\u0131k bug\u00fcn yay\u0131nlad\u0131\u011f\u0131 ve bir n\u00fcshas\u0131 SANA\u2019ya ula\u015ft\u0131r\u0131lan beyan\u0131nda Homs k\u0131rsal\u0131n\u0131n kuzeyindeki belde ve k\u00f6ylerin ahalisine seslenirken, ulusal uzla\u015fmalar\u0131n sa\u011flanmas\u0131 \u00e7abalar\u0131n\u0131 h\u0131zland\u0131rma ve 05 \u015eubat 2016 tarihinden \u00f6nce normal ya\u015famlar\u0131na d\u00f6nmelerine davet etti.<\/p>\n<p>Genel Komutanl\u0131k beyan\u0131n\u0131n sonunda ter\u00f6ristlerin Suriye ve halk\u0131na d\u00fc\u015fman d\u0131\u015f g\u00fc\u00e7lerden finans temin edip Suriyelilerin kanlar\u0131n\u0131 \u00e7arp\u0131t\u0131lm\u0131\u015f dini sloganlar alt\u0131nda ak\u0131tt\u0131klar\u0131na vurgu yapt\u0131.<\/p>\n<p>https:\/\/www.youtube.com\/watch?v=3g0S249_cC0<\/p>\n","protected":false},"excerpt":{"rendered":"<p>\u015eAM \u2013 Ordu ve Silahl\u0131 Kuvvetler Genel Komutanl\u0131\u011f\u0131 Homs k\u0131rsal\u0131n\u0131n kuzeyinde silah ta\u015f\u0131yan herkesi silah\u0131n\u0131 teslim etmekle kanuni durumunun hemen yeniden d\u00fczenlenmesi ve vatan kuca\u011f\u0131na d\u00f6nmesine \u00e7a\u011f\u0131rd\u0131. Genel Komutanl\u0131k bug\u00fcn yay\u0131nlad\u0131\u011f\u0131 ve bir n\u00fcshas\u0131 SANA\u2019ya ula\u015ft\u0131r\u0131lan beyan\u0131nda Homs k\u0131rsal\u0131n\u0131n kuzeyindeki belde ve k\u00f6ylerin ahalisine seslenirken, ulusal uzla\u015fmalar\u0131n sa\u011flanmas\u0131 \u00e7abalar\u0131n\u0131 h\u0131zland\u0131rma ve 05 \u015eubat 2016 tarihinden &hellip;<\/p>\n","protected":false},"author":1,"featured_media":60378,"comment_status":"closed","ping_status":"closed","sticky":false,"template":"","format":"standard","meta":{"footnotes":""},"categories":[479,575,478],"tags":[19014],"class_list":["post-60324","post","type-post","status-publish","format-standard","has-post-thumbnail","","category-haberler-yerel","category-olaylar-ve-gercekler","category-yerel","tag-5-subat-tarihinden-once-silahlarini-teslim-etmeye-cagirdi"],"_links":{"self":[{"href":"https:\/\/archive.sana.sy\/tr\/index.php?rest_route=\/wp\/v2\/posts\/60324","targetHints":{"allow":["GET"]}}],"collection":[{"href":"https:\/\/archive.sana.sy\/tr\/index.php?rest_route=\/wp\/v2\/posts"}],"about":[{"href":"https:\/\/archive.sana.sy\/tr\/index.php?rest_route=\/wp\/v2\/types\/post"}],"author":[{"embeddable":true,"href":"https:\/\/archive.sana.sy\/tr\/index.php?rest_route=\/wp\/v2\/users\/1"}],"replies":[{"embeddable":true,"href":"https:\/\/archive.sana.sy\/tr\/index.php?rest_route=%2Fwp%2Fv2%2Fcomments&post=60324"}],"version-history":[{"count":0,"href":"https:\/\/archive.sana.sy\/tr\/index.php?rest_route=\/wp\/v2\/posts\/60324\/revisions"}],"wp:featuredmedia":[{"embeddable":true,"href":"https:\/\/archive.sana.sy\/tr\/index.php?rest_route=\/wp\/v2\/media\/60378"}],"wp:attachment":[{"href":"https:\/\/archive.sana.sy\/tr\/index.php?rest_route=%2Fwp%2Fv2%2Fmedia&parent=60324"}],"wp:term":[{"taxonomy":"category","embeddable":true,"href":"https:\/\/archive.sana.sy\/tr\/index.php?rest_route=%2Fwp%2Fv2%2Fcategories&post=60324"},{"taxonomy":"post_tag","embeddable":true,"href":"https:\/\/archive.sana.sy\/tr\/index.php?rest_route=%2Fwp%2Fv2%2Ftags&post=60324"}],"curies":[{"name":"wp","href":"https:\/\/api.w.org\/{rel}","templated":true}]}}