{"id":60353,"date":"2016-02-05T11:39:03","date_gmt":"2016-02-05T09:39:03","guid":{"rendered":"http:\/\/www.sana.sy\/tr\/?p=60353"},"modified":"2016-02-05T11:39:03","modified_gmt":"2016-02-05T09:39:03","slug":"golanlilar-isgal-cikarlarina-hizmet-etmeyi-her-kosulda-reddediyorlar","status":"publish","type":"post","link":"https:\/\/archive.sana.sy\/tr\/?p=60353","title":{"rendered":"Golanl\u0131lar \u0130\u015fgal \u00c7\u0131karlar\u0131na Hizmet Etmeyi Her Ko\u015fulda Reddediyorlar"},"content":{"rendered":"<p>GOLAN \u2013 Suriye\u2019nin i\u015fgal etilen topraklar\u0131 Golan\u2019daBukasa K\u00f6y\u00fc sakinleri \u0130srail i\u015fgal otoritelerinin uygulad\u0131\u011f\u0131 bask\u0131, ihlal ve b\u00fct\u00fcn projelere kar\u015f\u0131 direnme kararl\u0131l\u0131\u011f\u0131n\u0131 yinelediler.<\/p>\n<p>K\u00f6y ve halk temsilcilerinin imzas\u0131yla bir beyan yay\u0131nlayan Bukasa k\u00f6y\u00fc sakinleri i\u015fgalcilerle hi\u00e7bir ko\u015fulda ticaret, al\u0131\u015fveri\u015f ve toprak-emlak kiralama gibi faaliyetlerde bulunmayacaklar\u0131n\u0131 dile getirerek kiralanmaya \u00e7al\u0131\u015f\u0131lan arazilerin \u00f6z\u00fc itibariyle i\u015fgal edilmi\u015f araziler oldu\u011funu ve as\u0131l sahibinin Suriye Arap Cumhuriyeti oldu\u011funun alt\u0131n\u0131 \u00e7izdiler.<\/p>\n<p>\u0130\u015fgal \u00e7\u0131karlar\u0131na hizmet eden spor, kul\u00fcp ya da izci gruplar\u0131 gibi faaliyetlerin normalle\u015ftirilmesinin engellenmesi \u00e7a\u011fr\u0131s\u0131nda bulunan Bukasa k\u00f6y\u00fc sakinleri Suriye Arap Kimli\u011finin b\u00fct\u00fcn Golan i\u00e7in ba\u011flay\u0131c\u0131 ve belirleyici oldu\u011funu bu \u00e7er\u00e7evenin d\u0131\u015f\u0131na \u00e7\u0131kmak isteyenlerin toplum, din ve toplumsal doku d\u0131\u015f\u0131nda kalaca\u011f\u0131n\u0131n alt\u0131n\u0131 \u00e7izdiler.<\/p>\n<p>Hat\u0131rlanaca\u011f\u0131 \u00fczerle \u0130srail i\u015fgal otoriteleri Golan\u2019da Suriye Arap Cumhuriyetine ait topraklar\u0131 BM kararlar\u0131 kapsam\u0131nda kiralamaya ba\u015flad\u0131\u011f\u0131n\u0131 ilan etmi\u015fti. Buna kar\u015f\u0131l\u0131k Golanl\u0131 vatanda\u015flar her zaman bu giri\u015fimlerin kar\u015f\u0131s\u0131nda durup ve i\u015fgal \u00e7\u0131karlar\u0131na hizmet etmeyi reddettiler.<\/p>\n<p>F.B. &#8211; R.H.<\/p>\n","protected":false},"excerpt":{"rendered":"<p>GOLAN \u2013 Suriye\u2019nin i\u015fgal etilen topraklar\u0131 Golan\u2019daBukasa K\u00f6y\u00fc sakinleri \u0130srail i\u015fgal otoritelerinin uygulad\u0131\u011f\u0131 bask\u0131, ihlal ve b\u00fct\u00fcn projelere kar\u015f\u0131 direnme kararl\u0131l\u0131\u011f\u0131n\u0131 yinelediler. K\u00f6y ve halk temsilcilerinin imzas\u0131yla bir beyan yay\u0131nlayan Bukasa k\u00f6y\u00fc sakinleri i\u015fgalcilerle hi\u00e7bir ko\u015fulda ticaret, al\u0131\u015fveri\u015f ve toprak-emlak kiralama gibi faaliyetlerde bulunmayacaklar\u0131n\u0131 dile getirerek kiralanmaya \u00e7al\u0131\u015f\u0131lan arazilerin \u00f6z\u00fc itibariyle i\u015fgal edilmi\u015f araziler oldu\u011funu &hellip;<\/p>\n","protected":false},"author":1,"featured_media":60354,"comment_status":"closed","ping_status":"closed","sticky":false,"template":"","format":"standard","meta":{"footnotes":""},"categories":[479,17988,478],"tags":[19017],"class_list":["post-60353","post","type-post","status-publish","format-standard","has-post-thumbnail","","category-haberler-yerel","category-son-haberler","category-yerel","tag-golanlilar-isgal-cikarlarina-hizmet-etmeyi-her-kosulda-reddediyorlar"],"_links":{"self":[{"href":"https:\/\/archive.sana.sy\/tr\/index.php?rest_route=\/wp\/v2\/posts\/60353","targetHints":{"allow":["GET"]}}],"collection":[{"href":"https:\/\/archive.sana.sy\/tr\/index.php?rest_route=\/wp\/v2\/posts"}],"about":[{"href":"https:\/\/archive.sana.sy\/tr\/index.php?rest_route=\/wp\/v2\/types\/post"}],"author":[{"embeddable":true,"href":"https:\/\/archive.sana.sy\/tr\/index.php?rest_route=\/wp\/v2\/users\/1"}],"replies":[{"embeddable":true,"href":"https:\/\/archive.sana.sy\/tr\/index.php?rest_route=%2Fwp%2Fv2%2Fcomments&post=60353"}],"version-history":[{"count":0,"href":"https:\/\/archive.sana.sy\/tr\/index.php?rest_route=\/wp\/v2\/posts\/60353\/revisions"}],"wp:featuredmedia":[{"embeddable":true,"href":"https:\/\/archive.sana.sy\/tr\/index.php?rest_route=\/wp\/v2\/media\/60354"}],"wp:attachment":[{"href":"https:\/\/archive.sana.sy\/tr\/index.php?rest_route=%2Fwp%2Fv2%2Fmedia&parent=60353"}],"wp:term":[{"taxonomy":"category","embeddable":true,"href":"https:\/\/archive.sana.sy\/tr\/index.php?rest_route=%2Fwp%2Fv2%2Fcategories&post=60353"},{"taxonomy":"post_tag","embeddable":true,"href":"https:\/\/archive.sana.sy\/tr\/index.php?rest_route=%2Fwp%2Fv2%2Ftags&post=60353"}],"curies":[{"name":"wp","href":"https:\/\/api.w.org\/{rel}","templated":true}]}}