{"id":60383,"date":"2016-02-05T16:23:44","date_gmt":"2016-02-05T14:23:44","guid":{"rendered":"http:\/\/www.sana.sy\/tr\/?p=60383"},"modified":"2016-02-05T16:23:44","modified_gmt":"2016-02-05T14:23:44","slug":"basbakan-yardimcisi-disisleri-ve-gurbetciler-bakani-velid-el-muallim-yarin-cumartesi-gunu-saat-1300da-basin-toplantisi-duzenliyor%e2%80%8f","status":"publish","type":"post","link":"https:\/\/archive.sana.sy\/tr\/?p=60383","title":{"rendered":"Ba\u015fbakan Yard\u0131mc\u0131s\u0131 D\u0131\u015fi\u015fleri ve Gurbet\u00e7iler Bakan\u0131 Velid el Muallim yar\u0131n Cumartesi g\u00fcn\u00fc saat 13:00&#8217;da bas\u0131n toplant\u0131s\u0131 d\u00fczenliyor\u200f"},"content":{"rendered":"<p>Ba\u015fbakan Yard\u0131mc\u0131s\u0131 D\u0131\u015fi\u015fleri ve Gurbet\u00e7iler Bakan\u0131 Velid el Muallim yar\u0131n Cumartesi g\u00fcn\u00fc saat 13:00&#8217;da bas\u0131n toplant\u0131s\u0131 d\u00fczenliyor\u200f<\/p>\n","protected":false},"excerpt":{"rendered":"<p>Ba\u015fbakan Yard\u0131mc\u0131s\u0131 D\u0131\u015fi\u015fleri ve Gurbet\u00e7iler Bakan\u0131 Velid el Muallim yar\u0131n Cumartesi g\u00fcn\u00fc saat 13:00&#8217;da bas\u0131n toplant\u0131s\u0131 d\u00fczenliyor\u200f<\/p>\n","protected":false},"author":1,"featured_media":0,"comment_status":"closed","ping_status":"closed","sticky":false,"template":"","format":"standard","meta":{"footnotes":""},"categories":[17991],"tags":[19025],"class_list":["post-60383","post","type-post","status-publish","format-standard","","category-son-dakika","tag-basbakan-yardimcisi-disisleri-ve-gurbetciler-bakani-velid-el-muallim-yarin-cumartesi-gunu-saat-1300da-basin-toplantisi-duzenliyor"],"_links":{"self":[{"href":"https:\/\/archive.sana.sy\/tr\/index.php?rest_route=\/wp\/v2\/posts\/60383","targetHints":{"allow":["GET"]}}],"collection":[{"href":"https:\/\/archive.sana.sy\/tr\/index.php?rest_route=\/wp\/v2\/posts"}],"about":[{"href":"https:\/\/archive.sana.sy\/tr\/index.php?rest_route=\/wp\/v2\/types\/post"}],"author":[{"embeddable":true,"href":"https:\/\/archive.sana.sy\/tr\/index.php?rest_route=\/wp\/v2\/users\/1"}],"replies":[{"embeddable":true,"href":"https:\/\/archive.sana.sy\/tr\/index.php?rest_route=%2Fwp%2Fv2%2Fcomments&post=60383"}],"version-history":[{"count":0,"href":"https:\/\/archive.sana.sy\/tr\/index.php?rest_route=\/wp\/v2\/posts\/60383\/revisions"}],"wp:attachment":[{"href":"https:\/\/archive.sana.sy\/tr\/index.php?rest_route=%2Fwp%2Fv2%2Fmedia&parent=60383"}],"wp:term":[{"taxonomy":"category","embeddable":true,"href":"https:\/\/archive.sana.sy\/tr\/index.php?rest_route=%2Fwp%2Fv2%2Fcategories&post=60383"},{"taxonomy":"post_tag","embeddable":true,"href":"https:\/\/archive.sana.sy\/tr\/index.php?rest_route=%2Fwp%2Fv2%2Ftags&post=60383"}],"curies":[{"name":"wp","href":"https:\/\/api.w.org\/{rel}","templated":true}]}}