{"id":60389,"date":"2016-02-05T12:00:43","date_gmt":"2016-02-05T10:00:43","guid":{"rendered":"http:\/\/www.sana.sy\/tr\/?p=60389"},"modified":"2016-02-05T18:54:43","modified_gmt":"2016-02-05T16:54:43","slug":"cenevre-gorusmelerinin-yeniden-baslamasina-odaklanilacak","status":"publish","type":"post","link":"https:\/\/archive.sana.sy\/tr\/?p=60389","title":{"rendered":"Cenevre G\u00f6r\u00fc\u015fmelerinin Yeniden Ba\u015flamas\u0131na Odaklan\u0131lacak"},"content":{"rendered":"<p>MOSKOVA \u2013 Rusya Ba\u015fkan\u0131n\u0131n Ortado\u011fu temsilcisi ve D\u0131\u015fi\u015fleri Bakan\u0131 Yard\u0131mc\u0131s\u0131 Mikhail Bogdanov Suriye Arap Cumhuriyeti h\u00fck\u00fcmet temsilcileri ve \u2018muhalefet\u2019 temsilcilerinin \u00f6n\u00fcm\u00fczdeki yak\u0131n s\u00fcre\u00e7 i\u00e7inde Moskova\u2019y\u0131 ziyaret edebileceklerini ilan etti.<\/p>\n<p>Bogdanov g\u00f6r\u00fc\u015fmelerde Cenevre g\u00f6r\u00fc\u015fmelerinin yeniden ba\u015flat\u0131lmas\u0131 \u00fczerine odaklan\u0131laca\u011f\u0131n\u0131 ifade etti.<\/p>\n","protected":false},"excerpt":{"rendered":"<p>MOSKOVA \u2013 Rusya Ba\u015fkan\u0131n\u0131n Ortado\u011fu temsilcisi ve D\u0131\u015fi\u015fleri Bakan\u0131 Yard\u0131mc\u0131s\u0131 Mikhail Bogdanov Suriye Arap Cumhuriyeti h\u00fck\u00fcmet temsilcileri ve \u2018muhalefet\u2019 temsilcilerinin \u00f6n\u00fcm\u00fczdeki yak\u0131n s\u00fcre\u00e7 i\u00e7inde Moskova\u2019y\u0131 ziyaret edebileceklerini ilan etti. Bogdanov g\u00f6r\u00fc\u015fmelerde Cenevre g\u00f6r\u00fc\u015fmelerinin yeniden ba\u015flat\u0131lmas\u0131 \u00fczerine odaklan\u0131laca\u011f\u0131n\u0131 ifade etti.<\/p>\n","protected":false},"author":1,"featured_media":60390,"comment_status":"closed","ping_status":"closed","sticky":false,"template":"","format":"standard","meta":{"footnotes":""},"categories":[458,459,17988],"tags":[19027],"class_list":["post-60389","post","type-post","status-publish","format-standard","has-post-thumbnail","","category-dunya1","category-haberler-arap-uluslararasi-politika","category-son-haberler","tag-cenevre-gorusmelerinin-yeniden-baslamasina-odaklanilacak"],"_links":{"self":[{"href":"https:\/\/archive.sana.sy\/tr\/index.php?rest_route=\/wp\/v2\/posts\/60389","targetHints":{"allow":["GET"]}}],"collection":[{"href":"https:\/\/archive.sana.sy\/tr\/index.php?rest_route=\/wp\/v2\/posts"}],"about":[{"href":"https:\/\/archive.sana.sy\/tr\/index.php?rest_route=\/wp\/v2\/types\/post"}],"author":[{"embeddable":true,"href":"https:\/\/archive.sana.sy\/tr\/index.php?rest_route=\/wp\/v2\/users\/1"}],"replies":[{"embeddable":true,"href":"https:\/\/archive.sana.sy\/tr\/index.php?rest_route=%2Fwp%2Fv2%2Fcomments&post=60389"}],"version-history":[{"count":0,"href":"https:\/\/archive.sana.sy\/tr\/index.php?rest_route=\/wp\/v2\/posts\/60389\/revisions"}],"wp:featuredmedia":[{"embeddable":true,"href":"https:\/\/archive.sana.sy\/tr\/index.php?rest_route=\/wp\/v2\/media\/60390"}],"wp:attachment":[{"href":"https:\/\/archive.sana.sy\/tr\/index.php?rest_route=%2Fwp%2Fv2%2Fmedia&parent=60389"}],"wp:term":[{"taxonomy":"category","embeddable":true,"href":"https:\/\/archive.sana.sy\/tr\/index.php?rest_route=%2Fwp%2Fv2%2Fcategories&post=60389"},{"taxonomy":"post_tag","embeddable":true,"href":"https:\/\/archive.sana.sy\/tr\/index.php?rest_route=%2Fwp%2Fv2%2Ftags&post=60389"}],"curies":[{"name":"wp","href":"https:\/\/api.w.org\/{rel}","templated":true}]}}