{"id":60398,"date":"2016-02-05T17:20:11","date_gmt":"2016-02-05T15:20:11","guid":{"rendered":"http:\/\/www.sana.sy\/tr\/?p=60398"},"modified":"2016-02-05T17:20:11","modified_gmt":"2016-02-05T15:20:11","slug":"bu-saldirilardan-amacin-suriyeliler-arasinda-siyasi-cozum-amacli-gorusme-ve-cabalari-sabote-etmek-oldugunun-altini-cizen-bakanlik-bir-diger-amacin-da-suriye-ordusu-karsisinda-buyuk-kayiplar-verip-hez","status":"publish","type":"post","link":"https:\/\/archive.sana.sy\/tr\/?p=60398","title":{"rendered":"Bu sald\u0131r\u0131lardan amac\u0131n Suriyeliler aras\u0131nda siyasi \u00e7\u00f6z\u00fcm ama\u00e7l\u0131 g\u00f6r\u00fc\u015fme ve \u00e7abalar\u0131 sabote etmek oldu\u011funun alt\u0131n\u0131 \u00e7izen bakanl\u0131k, bir di\u011fer amac\u0131n da Suriye ordusu kar\u015f\u0131s\u0131nda b\u00fcy\u00fck kay\u0131plar verip hezimete u\u011frayan ter\u00f6ristlerin \u00e7\u00f6ken maneviyatlar\u0131n\u0131 d\u00fczeltmek oldu\u011funu vurgulad\u0131\u200f"},"content":{"rendered":"<p>Bu sald\u0131r\u0131lardan amac\u0131n Suriyeliler aras\u0131nda siyasi \u00e7\u00f6z\u00fcm ama\u00e7l\u0131 g\u00f6r\u00fc\u015fme ve \u00e7abalar\u0131 sabote etmek oldu\u011funun alt\u0131n\u0131 \u00e7izen bakanl\u0131k, bir di\u011fer amac\u0131n da Suriye ordusu kar\u015f\u0131s\u0131nda b\u00fcy\u00fck kay\u0131plar verip hezimete u\u011frayan ter\u00f6ristlerin \u00e7\u00f6ken maneviyatlar\u0131n\u0131 d\u00fczeltmek oldu\u011funu vurgulad\u0131\u200f<\/p>\n","protected":false},"excerpt":{"rendered":"<p>Bu sald\u0131r\u0131lardan amac\u0131n Suriyeliler aras\u0131nda siyasi \u00e7\u00f6z\u00fcm ama\u00e7l\u0131 g\u00f6r\u00fc\u015fme ve \u00e7abalar\u0131 sabote etmek oldu\u011funun alt\u0131n\u0131 \u00e7izen bakanl\u0131k, bir di\u011fer amac\u0131n da Suriye ordusu kar\u015f\u0131s\u0131nda b\u00fcy\u00fck kay\u0131plar verip hezimete u\u011frayan ter\u00f6ristlerin \u00e7\u00f6ken maneviyatlar\u0131n\u0131 d\u00fczeltmek oldu\u011funu vurgulad\u0131\u200f<\/p>\n","protected":false},"author":1,"featured_media":0,"comment_status":"closed","ping_status":"closed","sticky":false,"template":"","format":"standard","meta":{"footnotes":""},"categories":[17991],"tags":[],"class_list":["post-60398","post","type-post","status-publish","format-standard","","category-son-dakika"],"_links":{"self":[{"href":"https:\/\/archive.sana.sy\/tr\/index.php?rest_route=\/wp\/v2\/posts\/60398","targetHints":{"allow":["GET"]}}],"collection":[{"href":"https:\/\/archive.sana.sy\/tr\/index.php?rest_route=\/wp\/v2\/posts"}],"about":[{"href":"https:\/\/archive.sana.sy\/tr\/index.php?rest_route=\/wp\/v2\/types\/post"}],"author":[{"embeddable":true,"href":"https:\/\/archive.sana.sy\/tr\/index.php?rest_route=\/wp\/v2\/users\/1"}],"replies":[{"embeddable":true,"href":"https:\/\/archive.sana.sy\/tr\/index.php?rest_route=%2Fwp%2Fv2%2Fcomments&post=60398"}],"version-history":[{"count":0,"href":"https:\/\/archive.sana.sy\/tr\/index.php?rest_route=\/wp\/v2\/posts\/60398\/revisions"}],"wp:attachment":[{"href":"https:\/\/archive.sana.sy\/tr\/index.php?rest_route=%2Fwp%2Fv2%2Fmedia&parent=60398"}],"wp:term":[{"taxonomy":"category","embeddable":true,"href":"https:\/\/archive.sana.sy\/tr\/index.php?rest_route=%2Fwp%2Fv2%2Fcategories&post=60398"},{"taxonomy":"post_tag","embeddable":true,"href":"https:\/\/archive.sana.sy\/tr\/index.php?rest_route=%2Fwp%2Fv2%2Ftags&post=60398"}],"curies":[{"name":"wp","href":"https:\/\/api.w.org\/{rel}","templated":true}]}}