{"id":60402,"date":"2016-02-05T17:31:27","date_gmt":"2016-02-05T15:31:27","guid":{"rendered":"http:\/\/www.sana.sy\/tr\/?p=60402"},"modified":"2016-02-05T17:31:27","modified_gmt":"2016-02-05T15:31:27","slug":"disisleri-ve-gurbetciler-bakanligi-bm-guvenlik-konseyinin-suriye-ve-halkina-karsi-teroru-destekleyen-hukumetlere-karsi-sorumlulugunu-ustlenmesi-ve-ozellikle-2170-2178-2199-ve-2253-sayili-kararlari","status":"publish","type":"post","link":"https:\/\/archive.sana.sy\/tr\/?p=60402","title":{"rendered":"D\u0131\u015fi\u015fleri ve Gurbet\u00e7iler Bakanl\u0131\u011f\u0131 BM g\u00fcvenlik Konseyinin, Suriye ve halk\u0131na kar\u015f\u0131 ter\u00f6r\u00fc destekleyen h\u00fck\u00fcmetlere kar\u015f\u0131 sorumlulu\u011funu \u00fcstlenmesi ve \u00f6zellikle 2170, 2178, 2199 ve 2253 say\u0131l\u0131 kararlar\u0131 ba\u015fta olmak \u00fczere ter\u00f6rle m\u00fccadeleye ili\u015fkin kararlar\u0131na ba\u011fl\u0131 kalmalar\u0131n\u0131 zorlama konusunda BM genel sekreteri ve G\u00fcvenlik Konseyi ba\u015fkan\u0131na e\u015f iki resmi mektup g\u00f6nderdi"},"content":{"rendered":"<p>D\u0131\u015fi\u015fleri ve Gurbet\u00e7iler Bakanl\u0131\u011f\u0131 BM g\u00fcvenlik Konseyinin, Suriye ve halk\u0131na kar\u015f\u0131 ter\u00f6r\u00fc destekleyen h\u00fck\u00fcmetlere kar\u015f\u0131 sorumlulu\u011funu \u00fcstlenmesi ve \u00f6zellikle 2170, 2178, 2199 ve 2253 say\u0131l\u0131 kararlar\u0131 ba\u015fta olmak \u00fczere ter\u00f6rle m\u00fccadeleye ili\u015fkin kararlar\u0131na ba\u011fl\u0131 kalmalar\u0131n\u0131 zorlama konusunda BM genel sekreteri ve G\u00fcvenlik Konseyi ba\u015fkan\u0131na e\u015f iki resmi mektup g\u00f6nderdi<\/p>\n","protected":false},"excerpt":{"rendered":"<p>D\u0131\u015fi\u015fleri ve Gurbet\u00e7iler Bakanl\u0131\u011f\u0131 BM g\u00fcvenlik Konseyinin, Suriye ve halk\u0131na kar\u015f\u0131 ter\u00f6r\u00fc destekleyen h\u00fck\u00fcmetlere kar\u015f\u0131 sorumlulu\u011funu \u00fcstlenmesi ve \u00f6zellikle 2170, 2178, 2199 ve 2253 say\u0131l\u0131 kararlar\u0131 ba\u015fta olmak \u00fczere ter\u00f6rle m\u00fccadeleye ili\u015fkin kararlar\u0131na ba\u011fl\u0131 kalmalar\u0131n\u0131 zorlama konusunda BM genel sekreteri ve G\u00fcvenlik Konseyi ba\u015fkan\u0131na e\u015f iki resmi mektup g\u00f6nderdi<\/p>\n","protected":false},"author":1,"featured_media":0,"comment_status":"closed","ping_status":"closed","sticky":false,"template":"","format":"standard","meta":{"footnotes":""},"categories":[17991],"tags":[],"class_list":["post-60402","post","type-post","status-publish","format-standard","","category-son-dakika"],"_links":{"self":[{"href":"https:\/\/archive.sana.sy\/tr\/index.php?rest_route=\/wp\/v2\/posts\/60402","targetHints":{"allow":["GET"]}}],"collection":[{"href":"https:\/\/archive.sana.sy\/tr\/index.php?rest_route=\/wp\/v2\/posts"}],"about":[{"href":"https:\/\/archive.sana.sy\/tr\/index.php?rest_route=\/wp\/v2\/types\/post"}],"author":[{"embeddable":true,"href":"https:\/\/archive.sana.sy\/tr\/index.php?rest_route=\/wp\/v2\/users\/1"}],"replies":[{"embeddable":true,"href":"https:\/\/archive.sana.sy\/tr\/index.php?rest_route=%2Fwp%2Fv2%2Fcomments&post=60402"}],"version-history":[{"count":0,"href":"https:\/\/archive.sana.sy\/tr\/index.php?rest_route=\/wp\/v2\/posts\/60402\/revisions"}],"wp:attachment":[{"href":"https:\/\/archive.sana.sy\/tr\/index.php?rest_route=%2Fwp%2Fv2%2Fmedia&parent=60402"}],"wp:term":[{"taxonomy":"category","embeddable":true,"href":"https:\/\/archive.sana.sy\/tr\/index.php?rest_route=%2Fwp%2Fv2%2Fcategories&post=60402"},{"taxonomy":"post_tag","embeddable":true,"href":"https:\/\/archive.sana.sy\/tr\/index.php?rest_route=%2Fwp%2Fv2%2Ftags&post=60402"}],"curies":[{"name":"wp","href":"https:\/\/api.w.org\/{rel}","templated":true}]}}