{"id":60404,"date":"2016-02-05T19:30:44","date_gmt":"2016-02-05T17:30:44","guid":{"rendered":"http:\/\/www.sana.sy\/tr\/?p=60404"},"modified":"2016-02-06T17:07:24","modified_gmt":"2016-02-06T15:07:24","slug":"terorle-mucadele-tum-hiziyla-suruyor-4","status":"publish","type":"post","link":"https:\/\/archive.sana.sy\/tr\/?p=60404","title":{"rendered":"Ter\u00f6rle M\u00fccadele T\u00fcm H\u0131z\u0131yla S\u00fcr\u00fcyor (video)"},"content":{"rendered":"<p>\u0130LLER \u2013 Ordu ve silahl\u0131 kuvvetlerimize ba\u011fl\u0131 birliklerimiz \u00fclkenin muhtelif b\u00f6lgelerinde kiral\u0131k ve hain ter\u00f6ristlere y\u00f6nelik bir dizi operasyonlar d\u00fczenledi. Operasyonlarda \u00e7ok say\u0131da ter\u00f6rist \u00f6l\u00fc ve yaral\u0131 d\u00fc\u015f\u00fcr\u00fcld\u00fc ellerindeki silah, cephane ve te\u00e7hizat imha edildi, \u00e7ok say\u0131da h\u00fccre ve toplanma merkezleri de imha edildi.<\/p>\n<p><span style=\"color: #0000ff\">DERA:<\/span><\/p>\n<p>Askeri kaynak SANA\u2019ya a\u00e7\u0131klamas\u0131nda; ordu birliklerimizin Halk Savunma G\u00fc\u00e7leriyle i\u015fbirli\u011fi i\u00e7inde Dera k\u0131rsal\u0131nda \u0130srail destekli ter\u00f6ristleri b\u00fcy\u00fck kay\u0131plara u\u011fratmalar\u0131 ard\u0131ndan Etman Beldesini kontrollerine ge\u00e7irdiklerini beyan etti.<\/p>\n<p>Kaynak; ordu birliklerimize tabi bomba imha ekiplerinin arama tarama operasyonlar\u0131nda beldede \u00f6zel ve kamu m\u00fclklere yerle\u015ftirilen may\u0131n ve bubi tuzaklar\u0131n\u0131 etkisizle\u015ftirdiklerini aktard\u0131. Operasyonlarda onlarca ter\u00f6ristin \u00f6l\u00fc bir k\u0131sm\u0131n\u0131n canl\u0131 olarak yakaland\u0131klar\u0131n\u0131 ifade eden kaynaklar; sa\u011f kalanlar\u0131n cephane ve ara\u00e7lar\u0131n\u0131 arkada\u015flar\u0131n\u0131n cesetleriyle birlikte b\u0131rak\u0131p ka\u00e7t\u0131klar\u0131n\u0131 belirtti.<\/p>\n<p>https:\/\/www.youtube.com\/watch?v=xPxNDqgnmL4<\/p>\n<p>Ordu birliklerimizin Dera k\u0131rsal\u0131nda \u0130srail destekli tekfirci ve hain ter\u00f6ristlerden temizledikleri Etman Beldesinden kareler:<\/p>\n<p>https:\/\/www.youtube.com\/watch?v=a4jNwMp96b8<\/p>\n<p><span style=\"color: #0000ff\">HALEP:<\/span><\/p>\n<p>Saha kaynaklar\u0131; Halep k\u0131rsal\u0131nda ise ordu birliklerimizin destek\u00e7i g\u00fc\u00e7lerle i\u015fbirli\u011fi i\u00e7inde Halep Kentinin yakla\u015f\u0131k 15 km kuzeyine d\u00fc\u015fen Retyan Beldesini ihvanc\u0131 Erdo\u011fan \u00e7etelerinden temizleyerek kontrollerine ald\u0131klar\u0131n\u0131 ifade etti.<\/p>\n<p>Kaynaklar; arama tarama operasyonlar\u0131nda ter\u00f6ristlerin yerle\u015ftirdikleri bubi tuzaklar\u0131 ve bomba d\u00fczeneklerinin etkisiz hale getirildi\u011fine dikkat \u00e7ekti.<\/p>\n<p>Ak\u015fam saatlerinde a\u00e7\u0131klama yapan bir kaynak; ordu birliklerimizin Halk Savunma G\u00fc\u00e7leriyle i\u015fbirli\u011fi i\u00e7inde Halep k\u0131rsal\u0131n\u0131n kuzeyi Mayer Beldesinde tekfircileri say\u0131 ve te\u00e7hizatlar\u0131yla b\u00fcy\u00fck kay\u0131plara u\u011fratmalar\u0131 ard\u0131ndan yine belde ve ahalisinin g\u00fcvenli\u011fini kontrollerine ge\u00e7irdiklerini aktard\u0131.<\/p>\n<p><span style=\"color: #0000ff\">HAMA:<\/span><\/p>\n<p>\u00d6te yandan askeri kaynak; hava g\u00fc\u00e7lerimizin Hama k\u0131rsal\u0131n\u0131n kuzeyi Temania, Latamina, Maaret Hurme, el T\u0131h, Habit, Skik ve Kefar Zeyta b\u00f6lgelerinde Vahhabi \u00c2l Suud ve ihvanc\u0131 Erdo\u011fan rejimlerinin destekledikleri Nusra Cephesi, \u2018Ecnad el \u015eam \u0130slami Birli\u011fi\u2019 ve \u2018Nasr Ordusu\u2019nun mevkilerine y\u00f6nelik hava operasyonlar\u0131 ger\u00e7ekle\u015ftirdiklerini belirtti.<\/p>\n<p>Kaynak; operasyonlarda tekfircilerin saflar\u0131nda en az 70 ter\u00f6ristin \u00f6l\u00fc, onlarca ter\u00f6ristin de yaral\u0131 d\u00fc\u015f\u00fcr\u00fcl\u00fcp ara\u00e7lar\u0131n\u0131n yan\u0131 s\u0131ra b\u00fcy\u00fck bir cephane deposunun da imha edildi\u011fini s\u00f6zlerine ekledi.<\/p>\n<p><span style=\"color: #0000ff\">\u0130DL\u0130B:<\/span><\/p>\n<p>\u0130dlib k\u0131rsal\u0131n\u0131n g\u00fcneydo\u011fusu Serakib Kentinde de \u2018Cund el Aksa\u2019 \u00e7etelerinin bir komuta karargah\u0131n\u0131 imha eden ordu birliklerimiz; aralar\u0131nda tehlikeli isimlerin bulundu\u011fu \u00e7ok say\u0131da ter\u00f6risti \u00f6ld\u00fcrd\u00fc.<\/p>\n<p><span style=\"color: #0000ff\">DEYREZZOR:<\/span><\/p>\n<p>Ak\u015fam saatlerinde SANA&#8217;ya a\u00e7\u0131klama yapan askeri kaynak; Deyrezzor Havaalan\u0131ndaki askerlerimizin I\u015e\u0130D tekfircilerinin sald\u0131r\u0131lar\u0131n\u0131 ba\u015far\u0131yla \u00e7\u00f6kerttiklerini belirtirken, biri bombal\u0131 iki z\u0131rhl\u0131 arac\u0131n imha edildi\u011fini ve aralar\u0131nda I\u015e\u0130D&#8217;in saha komutanlar\u0131ndan &#8216;Mansur el T\u00fcrki&#8217; lakab\u0131yla bilinen \u00e7ok say\u0131da tekfircinin \u00f6ld\u00fcr\u00fcld\u00fc\u011f\u00fcn\u00fc ifade etti\u200f<\/p>\n<p>M.M.<\/p>\n","protected":false},"excerpt":{"rendered":"<p>\u0130LLER \u2013 Ordu ve silahl\u0131 kuvvetlerimize ba\u011fl\u0131 birliklerimiz \u00fclkenin muhtelif b\u00f6lgelerinde kiral\u0131k ve hain ter\u00f6ristlere y\u00f6nelik bir dizi operasyonlar d\u00fczenledi. Operasyonlarda \u00e7ok say\u0131da ter\u00f6rist \u00f6l\u00fc ve yaral\u0131 d\u00fc\u015f\u00fcr\u00fcld\u00fc ellerindeki silah, cephane ve te\u00e7hizat imha edildi, \u00e7ok say\u0131da h\u00fccre ve toplanma merkezleri de imha edildi. DERA: Askeri kaynak SANA\u2019ya a\u00e7\u0131klamas\u0131nda; ordu birliklerimizin Halk Savunma G\u00fc\u00e7leriyle i\u015fbirli\u011fi &hellip;<\/p>\n","protected":false},"author":1,"featured_media":60405,"comment_status":"closed","ping_status":"closed","sticky":false,"template":"","format":"standard","meta":{"footnotes":""},"categories":[575],"tags":[1080],"class_list":["post-60404","post","type-post","status-publish","format-standard","has-post-thumbnail","","category-olaylar-ve-gercekler","tag-terorle-mucadele-tum-hiziyla-suruyor"],"_links":{"self":[{"href":"https:\/\/archive.sana.sy\/tr\/index.php?rest_route=\/wp\/v2\/posts\/60404","targetHints":{"allow":["GET"]}}],"collection":[{"href":"https:\/\/archive.sana.sy\/tr\/index.php?rest_route=\/wp\/v2\/posts"}],"about":[{"href":"https:\/\/archive.sana.sy\/tr\/index.php?rest_route=\/wp\/v2\/types\/post"}],"author":[{"embeddable":true,"href":"https:\/\/archive.sana.sy\/tr\/index.php?rest_route=\/wp\/v2\/users\/1"}],"replies":[{"embeddable":true,"href":"https:\/\/archive.sana.sy\/tr\/index.php?rest_route=%2Fwp%2Fv2%2Fcomments&post=60404"}],"version-history":[{"count":0,"href":"https:\/\/archive.sana.sy\/tr\/index.php?rest_route=\/wp\/v2\/posts\/60404\/revisions"}],"wp:featuredmedia":[{"embeddable":true,"href":"https:\/\/archive.sana.sy\/tr\/index.php?rest_route=\/wp\/v2\/media\/60405"}],"wp:attachment":[{"href":"https:\/\/archive.sana.sy\/tr\/index.php?rest_route=%2Fwp%2Fv2%2Fmedia&parent=60404"}],"wp:term":[{"taxonomy":"category","embeddable":true,"href":"https:\/\/archive.sana.sy\/tr\/index.php?rest_route=%2Fwp%2Fv2%2Fcategories&post=60404"},{"taxonomy":"post_tag","embeddable":true,"href":"https:\/\/archive.sana.sy\/tr\/index.php?rest_route=%2Fwp%2Fv2%2Ftags&post=60404"}],"curies":[{"name":"wp","href":"https:\/\/api.w.org\/{rel}","templated":true}]}}