{"id":60408,"date":"2016-02-05T18:11:17","date_gmt":"2016-02-05T16:11:17","guid":{"rendered":"http:\/\/www.sana.sy\/tr\/?p=60408"},"modified":"2016-02-06T17:09:24","modified_gmt":"2016-02-06T15:09:24","slug":"teroristler-sivillere-gelisiguzel-saldirilarini-efendilerinin-talimatlariyla-surduruyorlar","status":"publish","type":"post","link":"https:\/\/archive.sana.sy\/tr\/?p=60408","title":{"rendered":"Ter\u00f6ristler Sivillere Geli\u015fig\u00fczel Sald\u0131r\u0131lar\u0131n\u0131 Efendilerinin Talimatlar\u0131yla S\u00fcrd\u00fcr\u00fcyorlar"},"content":{"rendered":"<p>\u015eAM \u2013 D\u0131\u015fi\u015fleri ve Gurbet\u00e7iler Bakanl\u0131\u011f\u0131 BM g\u00fcvenlik Konseyinin, Suriye ve halk\u0131na kar\u015f\u0131 ter\u00f6r\u00fc destekleyen h\u00fck\u00fcmetlere kar\u015f\u0131 sorumlulu\u011funu \u00fcstlenmesi ve \u00f6zellikle 2170, 2178, 2199 ve 2253 say\u0131l\u0131 kararlar\u0131 ba\u015fta olmak \u00fczere ter\u00f6rle m\u00fccadeleye ili\u015fkin kararlar\u0131na ba\u011fl\u0131 kalmalar\u0131n\u0131 zorlama konusunda BM genel sekreteri ve G\u00fcvenlik Konseyi ba\u015fkan\u0131na e\u015f iki resmi mektup g\u00f6nderdi.<\/p>\n<p>Bakanl\u0131k mektubunda \u2018\u0131l\u0131ml\u0131 muhalifler\u2019 olarak adland\u0131r\u0131lan ter\u00f6r \u00f6rg\u00fctlerin Suriye&#8217;nin muhtelif b\u00f6lgelerinde savunmas\u0131z sivil yerle\u015fim alanlar\u0131 ve sivil vatanda\u015flar\u0131 geli\u015fig\u00fczel f\u00fcze sald\u0131r\u0131lar\u0131yla hedef almaya devam ettiklerine dikkat \u00e7ekerken; ter\u00f6r \u00f6rg\u00fctlerini destekleyen Riyad, Doha ve Ankara\u2019daki efendilerinden gelen talimat ve emirler kapsam\u0131nda ter\u00f6ristlerin bu sald\u0131r\u0131larda bulunduklar\u0131n\u0131n alt\u0131n\u0131 \u00e7izdi. Bu sald\u0131r\u0131lardan amac\u0131n Suriyeliler aras\u0131nda siyasi \u00e7\u00f6z\u00fcm ama\u00e7l\u0131 g\u00f6r\u00fc\u015fme ve \u00e7abalar\u0131 sabote etmek oldu\u011funun alt\u0131n\u0131 \u00e7izen bakanl\u0131k, bir di\u011fer amac\u0131n da Suriye ordusu kar\u015f\u0131s\u0131nda b\u00fcy\u00fck kay\u0131plar verip hezimete u\u011frayan ter\u00f6ristlerin \u00e7\u00f6ken maneviyatlar\u0131n\u0131 d\u00fczeltmek oldu\u011funu vurgulad\u0131.<\/p>\n","protected":false},"excerpt":{"rendered":"<p>\u015eAM \u2013 D\u0131\u015fi\u015fleri ve Gurbet\u00e7iler Bakanl\u0131\u011f\u0131 BM g\u00fcvenlik Konseyinin, Suriye ve halk\u0131na kar\u015f\u0131 ter\u00f6r\u00fc destekleyen h\u00fck\u00fcmetlere kar\u015f\u0131 sorumlulu\u011funu \u00fcstlenmesi ve \u00f6zellikle 2170, 2178, 2199 ve 2253 say\u0131l\u0131 kararlar\u0131 ba\u015fta olmak \u00fczere ter\u00f6rle m\u00fccadeleye ili\u015fkin kararlar\u0131na ba\u011fl\u0131 kalmalar\u0131n\u0131 zorlama konusunda BM genel sekreteri ve G\u00fcvenlik Konseyi ba\u015fkan\u0131na e\u015f iki resmi mektup g\u00f6nderdi. Bakanl\u0131k mektubunda \u2018\u0131l\u0131ml\u0131 muhalifler\u2019 &hellip;<\/p>\n","protected":false},"author":1,"featured_media":54551,"comment_status":"closed","ping_status":"closed","sticky":false,"template":"","format":"standard","meta":{"footnotes":""},"categories":[479,478],"tags":[],"class_list":["post-60408","post","type-post","status-publish","format-standard","has-post-thumbnail","","category-haberler-yerel","category-yerel"],"_links":{"self":[{"href":"https:\/\/archive.sana.sy\/tr\/index.php?rest_route=\/wp\/v2\/posts\/60408","targetHints":{"allow":["GET"]}}],"collection":[{"href":"https:\/\/archive.sana.sy\/tr\/index.php?rest_route=\/wp\/v2\/posts"}],"about":[{"href":"https:\/\/archive.sana.sy\/tr\/index.php?rest_route=\/wp\/v2\/types\/post"}],"author":[{"embeddable":true,"href":"https:\/\/archive.sana.sy\/tr\/index.php?rest_route=\/wp\/v2\/users\/1"}],"replies":[{"embeddable":true,"href":"https:\/\/archive.sana.sy\/tr\/index.php?rest_route=%2Fwp%2Fv2%2Fcomments&post=60408"}],"version-history":[{"count":0,"href":"https:\/\/archive.sana.sy\/tr\/index.php?rest_route=\/wp\/v2\/posts\/60408\/revisions"}],"wp:featuredmedia":[{"embeddable":true,"href":"https:\/\/archive.sana.sy\/tr\/index.php?rest_route=\/wp\/v2\/media\/54551"}],"wp:attachment":[{"href":"https:\/\/archive.sana.sy\/tr\/index.php?rest_route=%2Fwp%2Fv2%2Fmedia&parent=60408"}],"wp:term":[{"taxonomy":"category","embeddable":true,"href":"https:\/\/archive.sana.sy\/tr\/index.php?rest_route=%2Fwp%2Fv2%2Fcategories&post=60408"},{"taxonomy":"post_tag","embeddable":true,"href":"https:\/\/archive.sana.sy\/tr\/index.php?rest_route=%2Fwp%2Fv2%2Ftags&post=60408"}],"curies":[{"name":"wp","href":"https:\/\/api.w.org\/{rel}","templated":true}]}}