{"id":60410,"date":"2016-02-05T18:18:18","date_gmt":"2016-02-05T16:18:18","guid":{"rendered":"http:\/\/www.sana.sy\/tr\/?p=60410"},"modified":"2016-02-05T18:18:18","modified_gmt":"2016-02-05T16:18:18","slug":"rusya-disisleri-bakanligi-ankaranin-rus-hava-guclerinin-suriyede-sivil-hedeflere-karsi-misket-bombalari-kullandigi-yonundeki-iddialarinin-hic-bir-asli-gercegi-olmadigini-belirtti%e2%80%8f","status":"publish","type":"post","link":"https:\/\/archive.sana.sy\/tr\/?p=60410","title":{"rendered":"Rusya D\u0131\u015fi\u015fleri Bakanl\u0131\u011f\u0131; Ankara&#8217;n\u0131n, &#8216;Rus hava g\u00fc\u00e7lerinin Suriye&#8217;de sivil hedeflere kar\u015f\u0131 misket bombalar\u0131 kulland\u0131\u011f\u0131&#8217; y\u00f6n\u00fcndeki iddialar\u0131n\u0131n hi\u00e7 bir asl\u0131 ger\u00e7e\u011fi olmad\u0131\u011f\u0131n\u0131 belirtti\u200f"},"content":{"rendered":"<p>Rusya D\u0131\u015fi\u015fleri Bakanl\u0131\u011f\u0131; Ankara&#8217;n\u0131n, &#8216;Rus hava g\u00fc\u00e7lerinin Suriye&#8217;de sivil hedeflere kar\u015f\u0131 misket bombalar\u0131 kulland\u0131\u011f\u0131&#8217; y\u00f6n\u00fcndeki iddialar\u0131n\u0131n hi\u00e7 bir asl\u0131 ger\u00e7e\u011fi olmad\u0131\u011f\u0131n\u0131 belirtti\u200f<\/p>\n","protected":false},"excerpt":{"rendered":"<p>Rusya D\u0131\u015fi\u015fleri Bakanl\u0131\u011f\u0131; Ankara&#8217;n\u0131n, &#8216;Rus hava g\u00fc\u00e7lerinin Suriye&#8217;de sivil hedeflere kar\u015f\u0131 misket bombalar\u0131 kulland\u0131\u011f\u0131&#8217; y\u00f6n\u00fcndeki iddialar\u0131n\u0131n hi\u00e7 bir asl\u0131 ger\u00e7e\u011fi olmad\u0131\u011f\u0131n\u0131 belirtti\u200f<\/p>\n","protected":false},"author":1,"featured_media":0,"comment_status":"closed","ping_status":"closed","sticky":false,"template":"","format":"standard","meta":{"footnotes":""},"categories":[17991],"tags":[],"class_list":["post-60410","post","type-post","status-publish","format-standard","","category-son-dakika"],"_links":{"self":[{"href":"https:\/\/archive.sana.sy\/tr\/index.php?rest_route=\/wp\/v2\/posts\/60410","targetHints":{"allow":["GET"]}}],"collection":[{"href":"https:\/\/archive.sana.sy\/tr\/index.php?rest_route=\/wp\/v2\/posts"}],"about":[{"href":"https:\/\/archive.sana.sy\/tr\/index.php?rest_route=\/wp\/v2\/types\/post"}],"author":[{"embeddable":true,"href":"https:\/\/archive.sana.sy\/tr\/index.php?rest_route=\/wp\/v2\/users\/1"}],"replies":[{"embeddable":true,"href":"https:\/\/archive.sana.sy\/tr\/index.php?rest_route=%2Fwp%2Fv2%2Fcomments&post=60410"}],"version-history":[{"count":0,"href":"https:\/\/archive.sana.sy\/tr\/index.php?rest_route=\/wp\/v2\/posts\/60410\/revisions"}],"wp:attachment":[{"href":"https:\/\/archive.sana.sy\/tr\/index.php?rest_route=%2Fwp%2Fv2%2Fmedia&parent=60410"}],"wp:term":[{"taxonomy":"category","embeddable":true,"href":"https:\/\/archive.sana.sy\/tr\/index.php?rest_route=%2Fwp%2Fv2%2Fcategories&post=60410"},{"taxonomy":"post_tag","embeddable":true,"href":"https:\/\/archive.sana.sy\/tr\/index.php?rest_route=%2Fwp%2Fv2%2Ftags&post=60410"}],"curies":[{"name":"wp","href":"https:\/\/api.w.org\/{rel}","templated":true}]}}