{"id":60412,"date":"2016-02-05T12:22:04","date_gmt":"2016-02-05T10:22:04","guid":{"rendered":"http:\/\/www.sana.sy\/tr\/?p=60412"},"modified":"2016-02-06T12:38:01","modified_gmt":"2016-02-06T10:38:01","slug":"isidi-destekleyen-erdogan-protesto-edildi","status":"publish","type":"post","link":"https:\/\/archive.sana.sy\/tr\/?p=60412","title":{"rendered":"I\u015e\u0130D\u2019i Destekleyen Erdo\u011fan Protesto Edildi (video)"},"content":{"rendered":"<p>K\u0130TO \u2013 Ekvatorlu bir grup vatanda\u015f T\u00fcrkiye&#8217;de rejim ba\u015fkan\u0131 Recep Tayip Erdo\u011fan\u2019\u0131n ba\u015fkent Kito\u2019da Ulusal Ara\u015ft\u0131rma Merkezinde verdi\u011fi konferans\u0131 keserek, \u00f6zellikle I\u015e\u0130D olmak \u00fczere Ortado\u011fu\u2019da ter\u00f6r \u00f6rg\u00fctleri desteklemekle su\u00e7lad\u0131.<\/p>\n<p>Erdo\u011fan ve I\u015e\u0130D\u2019e deste\u011fini keskin bir dille k\u0131nayan sloganlar atan Ekvatorlular; birden fazla kez onu \u2018katil\u2019 olarak nitelendirdi. Ekvatorlular Erdo\u011fan\u2019\u0131n \u00fclkelerinden kovulmas\u0131n\u0131 talep ederken; g\u00fcvenlik g\u00fc\u00e7leri ve Erdo\u011fan\u2019\u0131n korumalar\u0131 m\u00fcdahale ederek onlar\u0131 konferans salonundan \u00e7\u0131kard\u0131.<\/p>\n<p>Konferans salonundan \u00e7\u0131kar\u0131lmalar\u0131 ard\u0131ndan Enstit\u00fc \u00f6n\u00fcnde Erdo\u011fan\u2019a kar\u015f\u0131 protesto eylemi d\u00fczenleyen Ekvatorlular; Erdo\u011fan\u2019\u0131n korumalar\u0131n\u0131n sald\u0131r\u0131lar\u0131na maruz kald\u0131lar. Erdo\u011fan korumalar\u0131n\u0131n sald\u0131r\u0131s\u0131nda aralar\u0131nda Ekvatorlu bir milletvekilinin bulundu\u011fu 3 ki\u015fi yaraland\u0131.<\/p>\n<p>Di\u011fer yandan insani alanda faaliyet g\u00f6steren Ekvatorlu kurum ve \u00f6rg\u00fctlerde Erdo\u011fan\u2019\u0131n ziyaretini k\u0131nayarak \u00fclkelerinden kovulmas\u0131n\u0131 talep ettiler.<\/p>\n<p>https:\/\/www.youtube.com\/watch?v=rACTPUYUrL0<\/p>\n","protected":false},"excerpt":{"rendered":"<p>K\u0130TO \u2013 Ekvatorlu bir grup vatanda\u015f T\u00fcrkiye&#8217;de rejim ba\u015fkan\u0131 Recep Tayip Erdo\u011fan\u2019\u0131n ba\u015fkent Kito\u2019da Ulusal Ara\u015ft\u0131rma Merkezinde verdi\u011fi konferans\u0131 keserek, \u00f6zellikle I\u015e\u0130D olmak \u00fczere Ortado\u011fu\u2019da ter\u00f6r \u00f6rg\u00fctleri desteklemekle su\u00e7lad\u0131. Erdo\u011fan ve I\u015e\u0130D\u2019e deste\u011fini keskin bir dille k\u0131nayan sloganlar atan Ekvatorlular; birden fazla kez onu \u2018katil\u2019 olarak nitelendirdi. Ekvatorlular Erdo\u011fan\u2019\u0131n \u00fclkelerinden kovulmas\u0131n\u0131 talep ederken; g\u00fcvenlik g\u00fc\u00e7leri &hellip;<\/p>\n","protected":false},"author":1,"featured_media":60430,"comment_status":"closed","ping_status":"closed","sticky":false,"template":"","format":"standard","meta":{"footnotes":""},"categories":[17988,2554,2555],"tags":[],"class_list":["post-60412","post","type-post","status-publish","format-standard","has-post-thumbnail","","category-son-haberler","category-suriye-ve-dunya","category-suriye-ve-turkiye"],"_links":{"self":[{"href":"https:\/\/archive.sana.sy\/tr\/index.php?rest_route=\/wp\/v2\/posts\/60412","targetHints":{"allow":["GET"]}}],"collection":[{"href":"https:\/\/archive.sana.sy\/tr\/index.php?rest_route=\/wp\/v2\/posts"}],"about":[{"href":"https:\/\/archive.sana.sy\/tr\/index.php?rest_route=\/wp\/v2\/types\/post"}],"author":[{"embeddable":true,"href":"https:\/\/archive.sana.sy\/tr\/index.php?rest_route=\/wp\/v2\/users\/1"}],"replies":[{"embeddable":true,"href":"https:\/\/archive.sana.sy\/tr\/index.php?rest_route=%2Fwp%2Fv2%2Fcomments&post=60412"}],"version-history":[{"count":0,"href":"https:\/\/archive.sana.sy\/tr\/index.php?rest_route=\/wp\/v2\/posts\/60412\/revisions"}],"wp:featuredmedia":[{"embeddable":true,"href":"https:\/\/archive.sana.sy\/tr\/index.php?rest_route=\/wp\/v2\/media\/60430"}],"wp:attachment":[{"href":"https:\/\/archive.sana.sy\/tr\/index.php?rest_route=%2Fwp%2Fv2%2Fmedia&parent=60412"}],"wp:term":[{"taxonomy":"category","embeddable":true,"href":"https:\/\/archive.sana.sy\/tr\/index.php?rest_route=%2Fwp%2Fv2%2Fcategories&post=60412"},{"taxonomy":"post_tag","embeddable":true,"href":"https:\/\/archive.sana.sy\/tr\/index.php?rest_route=%2Fwp%2Fv2%2Ftags&post=60412"}],"curies":[{"name":"wp","href":"https:\/\/api.w.org\/{rel}","templated":true}]}}