{"id":60417,"date":"2016-02-05T18:37:38","date_gmt":"2016-02-05T16:37:38","guid":{"rendered":"http:\/\/www.sana.sy\/tr\/?p=60417"},"modified":"2016-02-05T18:37:38","modified_gmt":"2016-02-05T16:37:38","slug":"sozde-muteber-medya-kurumlari-halki-kandiriyor","status":"publish","type":"post","link":"https:\/\/archive.sana.sy\/tr\/?p=60417","title":{"rendered":"S\u00f6zde Muteber Medya Kurumlar\u0131 Halk\u0131 Kand\u0131r\u0131yor"},"content":{"rendered":"<p>HOMS \u2013 Avrupal\u0131 Suriye&#8217;yi Savunma Kurumu ve Solid \u00d6rg\u00fct\u00fcnden \u00fcyelerin yan\u0131 s\u0131ra \u0130talya\u2019da ya\u015fayan gurbet\u00e7ilerimizden bir heyet Homs Kentinde saha incelemelerinde bulundu.<\/p>\n<p><a href=\"http:\/\/www.sana.sy\/tr\/wp-content\/uploads\/2016\/02\/Homss-1.jpg\"><img loading=\"lazy\" decoding=\"async\" class=\"alignright wp-image-60419 size-medium\" src=\"http:\/\/www.sana.sy\/tr\/wp-content\/uploads\/2016\/02\/Homss-1-300x168.jpg\" alt=\"Homss 1\" width=\"300\" height=\"168\" srcset=\"https:\/\/archive.sana.sy\/tr\/wp-content\/uploads\/2016\/02\/Homss-1-300x168.jpg 300w, https:\/\/archive.sana.sy\/tr\/wp-content\/uploads\/2016\/02\/Homss-1-150x84.jpg 150w, https:\/\/archive.sana.sy\/tr\/wp-content\/uploads\/2016\/02\/Homss-1.jpg 660w\" sizes=\"auto, (max-width: 300px) 100vw, 300px\" \/><\/a>Heyet \u00fcyeleri Homs Kentinin muhtelif b\u00f6lgelerini dola\u015f\u0131rlarken gazetecilere yapt\u0131klar\u0131 a\u00e7\u0131klamalarda; kentin tamam\u0131nda vatanda\u015flar\u0131n g\u00fcnl\u00fck ya\u015famlar\u0131n\u0131 normal bir \u015fekilde s\u00fcrd\u00fcrd\u00fcklerine g\u00f6zleriyle tan\u0131k olmalar\u0131yla bunun aksini iddia eden kimi medya ara\u00e7lar\u0131n\u0131n kamuoyunu kand\u0131rmalar\u0131n\u0131 k\u0131nad\u0131klar\u0131n\u0131 ifade etti.<\/p>\n<p>Suriye&#8217;nin d\u0131\u015far\u0131dan destek ve finans alan evrensel bir ter\u00f6re maruz kald\u0131\u011f\u0131n\u0131 ifade eden heyet \u00fcyeleri; Suriye&#8217;nin muhtelif illerinde g\u00f6rd\u00fcklerinin kendilerini muteber uluslar aras\u0131 medya ara\u00e7lar\u0131 olarak g\u00f6steren bir k\u0131s\u0131m medya kurumlar\u0131n\u0131n bunca zamand\u0131r d\u00fcnya kamuoyunu kand\u0131rd\u0131klar\u0131na g\u00f6zleriyle tan\u0131k olduklar\u0131n\u0131 s\u00f6yledi.<\/p>\n","protected":false},"excerpt":{"rendered":"<p>HOMS \u2013 Avrupal\u0131 Suriye&#8217;yi Savunma Kurumu ve Solid \u00d6rg\u00fct\u00fcnden \u00fcyelerin yan\u0131 s\u0131ra \u0130talya\u2019da ya\u015fayan gurbet\u00e7ilerimizden bir heyet Homs Kentinde saha incelemelerinde bulundu. Heyet \u00fcyeleri Homs Kentinin muhtelif b\u00f6lgelerini dola\u015f\u0131rlarken gazetecilere yapt\u0131klar\u0131 a\u00e7\u0131klamalarda; kentin tamam\u0131nda vatanda\u015flar\u0131n g\u00fcnl\u00fck ya\u015famlar\u0131n\u0131 normal bir \u015fekilde s\u00fcrd\u00fcrd\u00fcklerine g\u00f6zleriyle tan\u0131k olmalar\u0131yla bunun aksini iddia eden kimi medya ara\u00e7lar\u0131n\u0131n kamuoyunu kand\u0131rmalar\u0131n\u0131 k\u0131nad\u0131klar\u0131n\u0131 ifade &hellip;<\/p>\n","protected":false},"author":1,"featured_media":60418,"comment_status":"closed","ping_status":"closed","sticky":false,"template":"","format":"standard","meta":{"footnotes":""},"categories":[479,17988,478],"tags":[19028],"class_list":["post-60417","post","type-post","status-publish","format-standard","has-post-thumbnail","","category-haberler-yerel","category-son-haberler","category-yerel","tag-sozde-muteber-medya-kurumlari-halki-kandiriyor"],"_links":{"self":[{"href":"https:\/\/archive.sana.sy\/tr\/index.php?rest_route=\/wp\/v2\/posts\/60417","targetHints":{"allow":["GET"]}}],"collection":[{"href":"https:\/\/archive.sana.sy\/tr\/index.php?rest_route=\/wp\/v2\/posts"}],"about":[{"href":"https:\/\/archive.sana.sy\/tr\/index.php?rest_route=\/wp\/v2\/types\/post"}],"author":[{"embeddable":true,"href":"https:\/\/archive.sana.sy\/tr\/index.php?rest_route=\/wp\/v2\/users\/1"}],"replies":[{"embeddable":true,"href":"https:\/\/archive.sana.sy\/tr\/index.php?rest_route=%2Fwp%2Fv2%2Fcomments&post=60417"}],"version-history":[{"count":0,"href":"https:\/\/archive.sana.sy\/tr\/index.php?rest_route=\/wp\/v2\/posts\/60417\/revisions"}],"wp:featuredmedia":[{"embeddable":true,"href":"https:\/\/archive.sana.sy\/tr\/index.php?rest_route=\/wp\/v2\/media\/60418"}],"wp:attachment":[{"href":"https:\/\/archive.sana.sy\/tr\/index.php?rest_route=%2Fwp%2Fv2%2Fmedia&parent=60417"}],"wp:term":[{"taxonomy":"category","embeddable":true,"href":"https:\/\/archive.sana.sy\/tr\/index.php?rest_route=%2Fwp%2Fv2%2Fcategories&post=60417"},{"taxonomy":"post_tag","embeddable":true,"href":"https:\/\/archive.sana.sy\/tr\/index.php?rest_route=%2Fwp%2Fv2%2Ftags&post=60417"}],"curies":[{"name":"wp","href":"https:\/\/api.w.org\/{rel}","templated":true}]}}