{"id":60436,"date":"2016-02-05T19:25:44","date_gmt":"2016-02-05T17:25:44","guid":{"rendered":"http:\/\/www.sana.sy\/tr\/?p=60436"},"modified":"2016-02-05T19:25:44","modified_gmt":"2016-02-05T17:25:44","slug":"aksam-saatlerinde-sanaya-aciklama-yapan-askeri-kaynak-deyrezzor-havaalanindaki-askerlerimizin-isid-tekfircilerinin-saldirilarini-basariyla-cokerttiklerini-belirtirken-biri-bombali-iki-zirhli-araci","status":"publish","type":"post","link":"https:\/\/archive.sana.sy\/tr\/?p=60436","title":{"rendered":"Ak\u015fam saatlerinde SANA&#8217;ya a\u00e7\u0131klama yapan askeri kaynak; Deyrezzor Havaalan\u0131ndaki askerlerimizin I\u015e\u0130D tekfircilerinin sald\u0131r\u0131lar\u0131n\u0131 ba\u015far\u0131yla \u00e7\u00f6kerttiklerini belirtirken, biri bombal\u0131 iki z\u0131rhl\u0131 arac\u0131n imha edildi\u011fini ve aralar\u0131nda I\u015e\u0130D&#8217;in saha komutanlar\u0131ndan &#8216;Mansur el T\u00fcrki&#8217; lakab\u0131yla bilinen \u00e7ok say\u0131da tekfircinin \u00f6ld\u00fcr\u00fcld\u00fc\u011f\u00fcn\u00fc ifade etti\u200f"},"content":{"rendered":"<p>Ak\u015fam saatlerinde SANA&#8217;ya a\u00e7\u0131klama yapan askeri kaynak; Deyrezzor Havaalan\u0131ndaki askerlerimizin I\u015e\u0130D tekfircilerinin sald\u0131r\u0131lar\u0131n\u0131 ba\u015far\u0131yla \u00e7\u00f6kerttiklerini belirtirken, biri bombal\u0131 iki z\u0131rhl\u0131 arac\u0131n imha edildi\u011fini ve aralar\u0131nda I\u015e\u0130D&#8217;in saha komutanlar\u0131ndan &#8216;Mansur el T\u00fcrki&#8217; lakab\u0131yla bilinen \u00e7ok say\u0131da tekfircinin \u00f6ld\u00fcr\u00fcld\u00fc\u011f\u00fcn\u00fc ifade etti\u200f<\/p>\n","protected":false},"excerpt":{"rendered":"<p>Ak\u015fam saatlerinde SANA&#8217;ya a\u00e7\u0131klama yapan askeri kaynak; Deyrezzor Havaalan\u0131ndaki askerlerimizin I\u015e\u0130D tekfircilerinin sald\u0131r\u0131lar\u0131n\u0131 ba\u015far\u0131yla \u00e7\u00f6kerttiklerini belirtirken, biri bombal\u0131 iki z\u0131rhl\u0131 arac\u0131n imha edildi\u011fini ve aralar\u0131nda I\u015e\u0130D&#8217;in saha komutanlar\u0131ndan &#8216;Mansur el T\u00fcrki&#8217; lakab\u0131yla bilinen \u00e7ok say\u0131da tekfircinin \u00f6ld\u00fcr\u00fcld\u00fc\u011f\u00fcn\u00fc ifade etti\u200f<\/p>\n","protected":false},"author":1,"featured_media":0,"comment_status":"closed","ping_status":"closed","sticky":false,"template":"","format":"standard","meta":{"footnotes":""},"categories":[17991],"tags":[],"class_list":["post-60436","post","type-post","status-publish","format-standard","","category-son-dakika"],"_links":{"self":[{"href":"https:\/\/archive.sana.sy\/tr\/index.php?rest_route=\/wp\/v2\/posts\/60436","targetHints":{"allow":["GET"]}}],"collection":[{"href":"https:\/\/archive.sana.sy\/tr\/index.php?rest_route=\/wp\/v2\/posts"}],"about":[{"href":"https:\/\/archive.sana.sy\/tr\/index.php?rest_route=\/wp\/v2\/types\/post"}],"author":[{"embeddable":true,"href":"https:\/\/archive.sana.sy\/tr\/index.php?rest_route=\/wp\/v2\/users\/1"}],"replies":[{"embeddable":true,"href":"https:\/\/archive.sana.sy\/tr\/index.php?rest_route=%2Fwp%2Fv2%2Fcomments&post=60436"}],"version-history":[{"count":0,"href":"https:\/\/archive.sana.sy\/tr\/index.php?rest_route=\/wp\/v2\/posts\/60436\/revisions"}],"wp:attachment":[{"href":"https:\/\/archive.sana.sy\/tr\/index.php?rest_route=%2Fwp%2Fv2%2Fmedia&parent=60436"}],"wp:term":[{"taxonomy":"category","embeddable":true,"href":"https:\/\/archive.sana.sy\/tr\/index.php?rest_route=%2Fwp%2Fv2%2Fcategories&post=60436"},{"taxonomy":"post_tag","embeddable":true,"href":"https:\/\/archive.sana.sy\/tr\/index.php?rest_route=%2Fwp%2Fv2%2Ftags&post=60436"}],"curies":[{"name":"wp","href":"https:\/\/api.w.org\/{rel}","templated":true}]}}