{"id":60447,"date":"2016-02-06T12:15:56","date_gmt":"2016-02-06T10:15:56","guid":{"rendered":"http:\/\/www.sana.sy\/tr\/?p=60447"},"modified":"2016-02-06T12:15:56","modified_gmt":"2016-02-06T10:15:56","slug":"churkin-suriyeli-muhalefetin-amaci-diyalog-degil-protestodur","status":"publish","type":"post","link":"https:\/\/archive.sana.sy\/tr\/?p=60447","title":{"rendered":"Churkin: Suriyeli Muhalefetin Amac\u0131 Diyalog De\u011fil Protestodur"},"content":{"rendered":"<p>NEW YORK \u2013 CENEVRE \u2013 Rusya&#8217;n\u0131n BM&#8217;deki daimi temsilcisi VitalyChurkin, Cenevre\u2019de bulunan Suriyeli Muhalefet Heyetinin diyalog de\u011fil protesto ama\u00e7l\u0131 oldu\u011funu dile getirerek Suriye ile ilgili Cenevre g\u00f6r\u00fc\u015fmelerinin ba\u015flamas\u0131 i\u00e7in hi\u00e7bir \u00f6nko\u015ful s\u00fcr\u00fclmemesi gerekti\u011finin alt\u0131n\u0131 \u00e7izdi.<\/p>\n<p>Rusya Today \u0130nternet Sitesinde yay\u0131nlanan haberde Churkin\u2019in d\u00fcn G\u00fcvenlik Konseyinin d\u00fczenledi\u011fi ve BM Suriye \u00d6zel Temsilcisi Stefan De Mistura\u2019n\u0131n raporlar\u0131n\u0131 sundu\u011fu toplant\u0131n\u0131n ard\u0131ndan gazetecilere bir a\u00e7\u0131klama yapt\u0131\u011f\u0131 ifade edildi.<\/p>\n<p>Churkin a\u00e7\u0131klamas\u0131nda De Mistura\u2019n\u0131n yay\u0131nlad\u0131\u011f\u0131 raporlarda Rusya taraf\u0131ndan Suriye\u2019de ter\u00f6re kar\u015f\u0131 d\u00fczenlenen operasyonlar\u0131n Cenevre g\u00f6r\u00fc\u015fmeleri \u00f6n\u00fcnde bir engel olma sorumlulu\u011fu y\u00fcklemedi\u011fine dikkat \u00e7ekti.<\/p>\n<p>De Mistura\u2019n\u0131n yay\u0131nlad\u0131\u011f\u0131 raporlar\u0131n ve genel konu\u015fmalar\u0131n\u0131n Cenevre g\u00f6r\u00fc\u015fmeleri i\u00e7in olumlu nitelikte oldu\u011funa i\u015faret eden Churkin; Rusya ile ilgili y\u00f6neltilen b\u00fct\u00fcn ele\u015ftiri ve ithamlar\u0131n ilgili De Mistura taraf\u0131ndan olduk\u00e7a olumlu ve diplomatik bir \u00fcslup ile cevapland\u0131\u011f\u0131n\u0131 ibraz etti.<\/p>\n<p>F.B.<\/p>\n","protected":false},"excerpt":{"rendered":"<p>NEW YORK \u2013 CENEVRE \u2013 Rusya&#8217;n\u0131n BM&#8217;deki daimi temsilcisi VitalyChurkin, Cenevre\u2019de bulunan Suriyeli Muhalefet Heyetinin diyalog de\u011fil protesto ama\u00e7l\u0131 oldu\u011funu dile getirerek Suriye ile ilgili Cenevre g\u00f6r\u00fc\u015fmelerinin ba\u015flamas\u0131 i\u00e7in hi\u00e7bir \u00f6nko\u015ful s\u00fcr\u00fclmemesi gerekti\u011finin alt\u0131n\u0131 \u00e7izdi. Rusya Today \u0130nternet Sitesinde yay\u0131nlanan haberde Churkin\u2019in d\u00fcn G\u00fcvenlik Konseyinin d\u00fczenledi\u011fi ve BM Suriye \u00d6zel Temsilcisi Stefan De Mistura\u2019n\u0131n raporlar\u0131n\u0131 &hellip;<\/p>\n","protected":false},"author":1,"featured_media":60451,"comment_status":"closed","ping_status":"closed","sticky":false,"template":"","format":"standard","meta":{"footnotes":""},"categories":[458,459,17988],"tags":[18473,19038],"class_list":["post-60447","post","type-post","status-publish","format-standard","has-post-thumbnail","","category-dunya1","category-haberler-arap-uluslararasi-politika","category-son-haberler","tag-cenevre-gorusmeleri","tag-rusyanin-bmdeki-daimi-temsilcisi-vitalychurkin"],"_links":{"self":[{"href":"https:\/\/archive.sana.sy\/tr\/index.php?rest_route=\/wp\/v2\/posts\/60447","targetHints":{"allow":["GET"]}}],"collection":[{"href":"https:\/\/archive.sana.sy\/tr\/index.php?rest_route=\/wp\/v2\/posts"}],"about":[{"href":"https:\/\/archive.sana.sy\/tr\/index.php?rest_route=\/wp\/v2\/types\/post"}],"author":[{"embeddable":true,"href":"https:\/\/archive.sana.sy\/tr\/index.php?rest_route=\/wp\/v2\/users\/1"}],"replies":[{"embeddable":true,"href":"https:\/\/archive.sana.sy\/tr\/index.php?rest_route=%2Fwp%2Fv2%2Fcomments&post=60447"}],"version-history":[{"count":0,"href":"https:\/\/archive.sana.sy\/tr\/index.php?rest_route=\/wp\/v2\/posts\/60447\/revisions"}],"wp:featuredmedia":[{"embeddable":true,"href":"https:\/\/archive.sana.sy\/tr\/index.php?rest_route=\/wp\/v2\/media\/60451"}],"wp:attachment":[{"href":"https:\/\/archive.sana.sy\/tr\/index.php?rest_route=%2Fwp%2Fv2%2Fmedia&parent=60447"}],"wp:term":[{"taxonomy":"category","embeddable":true,"href":"https:\/\/archive.sana.sy\/tr\/index.php?rest_route=%2Fwp%2Fv2%2Fcategories&post=60447"},{"taxonomy":"post_tag","embeddable":true,"href":"https:\/\/archive.sana.sy\/tr\/index.php?rest_route=%2Fwp%2Fv2%2Ftags&post=60447"}],"curies":[{"name":"wp","href":"https:\/\/api.w.org\/{rel}","templated":true}]}}