{"id":60472,"date":"2016-02-06T13:12:49","date_gmt":"2016-02-06T11:12:49","guid":{"rendered":"http:\/\/www.sana.sy\/tr\/?p=60472"},"modified":"2016-02-06T13:09:19","modified_gmt":"2016-02-06T11:09:19","slug":"muallim-cenevrede-suriyeliler-arasindaki-diyalog-gorusmelerine-katilan-suriye-arap-cumhuriyeti-heyetinin-suriyelilerin-hakkina-ve-suriyenin-gelecegine-inancini-gosterdigini-belirtti","status":"publish","type":"post","link":"https:\/\/archive.sana.sy\/tr\/?p=60472","title":{"rendered":"Muallim Cenevre&#8217;de Suriyeliler aras\u0131ndaki diyalog g\u00f6r\u00fc\u015fmelerine kat\u0131lan Suriye Arap Cumhuriyeti heyetinin Suriyelilerin hakk\u0131na ve Suriye&#8217;nin gelece\u011fine inanc\u0131n\u0131 g\u00f6sterdi\u011fini belirtti"},"content":{"rendered":"<p>Muallim Cenevre&#8217;de Suriyeliler aras\u0131ndaki diyalog g\u00f6r\u00fc\u015fmelerine kat\u0131lan Suriye Arap Cumhuriyeti heyetinin Suriyelilerin hakk\u0131na ve Suriye&#8217;nin gelece\u011fine inanc\u0131n\u0131 g\u00f6sterdi\u011fini belirtti<\/p>\n","protected":false},"excerpt":{"rendered":"<p>Muallim Cenevre&#8217;de Suriyeliler aras\u0131ndaki diyalog g\u00f6r\u00fc\u015fmelerine kat\u0131lan Suriye Arap Cumhuriyeti heyetinin Suriyelilerin hakk\u0131na ve Suriye&#8217;nin gelece\u011fine inanc\u0131n\u0131 g\u00f6sterdi\u011fini belirtti<\/p>\n","protected":false},"author":1,"featured_media":0,"comment_status":"closed","ping_status":"closed","sticky":false,"template":"","format":"standard","meta":{"footnotes":""},"categories":[17991],"tags":[],"class_list":["post-60472","post","type-post","status-publish","format-standard","","category-son-dakika"],"_links":{"self":[{"href":"https:\/\/archive.sana.sy\/tr\/index.php?rest_route=\/wp\/v2\/posts\/60472","targetHints":{"allow":["GET"]}}],"collection":[{"href":"https:\/\/archive.sana.sy\/tr\/index.php?rest_route=\/wp\/v2\/posts"}],"about":[{"href":"https:\/\/archive.sana.sy\/tr\/index.php?rest_route=\/wp\/v2\/types\/post"}],"author":[{"embeddable":true,"href":"https:\/\/archive.sana.sy\/tr\/index.php?rest_route=\/wp\/v2\/users\/1"}],"replies":[{"embeddable":true,"href":"https:\/\/archive.sana.sy\/tr\/index.php?rest_route=%2Fwp%2Fv2%2Fcomments&post=60472"}],"version-history":[{"count":0,"href":"https:\/\/archive.sana.sy\/tr\/index.php?rest_route=\/wp\/v2\/posts\/60472\/revisions"}],"wp:attachment":[{"href":"https:\/\/archive.sana.sy\/tr\/index.php?rest_route=%2Fwp%2Fv2%2Fmedia&parent=60472"}],"wp:term":[{"taxonomy":"category","embeddable":true,"href":"https:\/\/archive.sana.sy\/tr\/index.php?rest_route=%2Fwp%2Fv2%2Fcategories&post=60472"},{"taxonomy":"post_tag","embeddable":true,"href":"https:\/\/archive.sana.sy\/tr\/index.php?rest_route=%2Fwp%2Fv2%2Ftags&post=60472"}],"curies":[{"name":"wp","href":"https:\/\/api.w.org\/{rel}","templated":true}]}}