{"id":60474,"date":"2016-02-06T10:19:44","date_gmt":"2016-02-06T08:19:44","guid":{"rendered":"http:\/\/www.sana.sy\/tr\/?p=60474"},"modified":"2016-02-06T13:20:14","modified_gmt":"2016-02-06T11:20:14","slug":"sanaya-aciklama-yapan-askeri-bir-kaynak-ordu-birliklerimizin-dera-kirsalinda-israil-destekli-nusra-cephesi-ve-muttefikleri-diger-teror-cetelere-karsi-operasyonlari-kapsaminda-tel-el-hizir-ve","status":"publish","type":"post","link":"https:\/\/archive.sana.sy\/tr\/?p=60474","title":{"rendered":"SANA\u2019ya a\u00e7\u0131klama yapan askeri bir kaynak ordu birliklerimizin Dera k\u0131rsal\u0131nda \u0130srail destekli Nusra Cephesi ve m\u00fcttefikleri di\u011fer ter\u00f6r \u00e7etelere kar\u015f\u0131 operasyonlar\u0131 kapsam\u0131nda Tel el H\u0131z\u0131r ve Sayda beldesi civarlar\u0131nda f\u00fcze bataryalar\u0131 ve havan rampalar\u0131n\u0131 \u00e7ok say\u0131da ter\u00f6ristle birlikte imha ettiklerini belirtti"},"content":{"rendered":"<p>SANA\u2019ya a\u00e7\u0131klama yapan askeri bir kaynak ordu birliklerimizin Dera k\u0131rsal\u0131nda \u0130srail destekli Nusra Cephesi ve m\u00fcttefikleri di\u011fer ter\u00f6r \u00e7etelere kar\u015f\u0131 operasyonlar\u0131 kapsam\u0131nda Tel el H\u0131z\u0131r ve Sayda beldesi civarlar\u0131nda f\u00fcze bataryalar\u0131 ve havan rampalar\u0131n\u0131 \u00e7ok say\u0131da ter\u00f6ristle birlikte imha ettiklerini belirtti<\/p>\n","protected":false},"excerpt":{"rendered":"<p>SANA\u2019ya a\u00e7\u0131klama yapan askeri bir kaynak ordu birliklerimizin Dera k\u0131rsal\u0131nda \u0130srail destekli Nusra Cephesi ve m\u00fcttefikleri di\u011fer ter\u00f6r \u00e7etelere kar\u015f\u0131 operasyonlar\u0131 kapsam\u0131nda Tel el H\u0131z\u0131r ve Sayda beldesi civarlar\u0131nda f\u00fcze bataryalar\u0131 ve havan rampalar\u0131n\u0131 \u00e7ok say\u0131da ter\u00f6ristle birlikte imha ettiklerini belirtti<\/p>\n","protected":false},"author":1,"featured_media":0,"comment_status":"closed","ping_status":"closed","sticky":false,"template":"","format":"standard","meta":{"footnotes":""},"categories":[17991],"tags":[],"class_list":["post-60474","post","type-post","status-publish","format-standard","","category-son-dakika"],"_links":{"self":[{"href":"https:\/\/archive.sana.sy\/tr\/index.php?rest_route=\/wp\/v2\/posts\/60474","targetHints":{"allow":["GET"]}}],"collection":[{"href":"https:\/\/archive.sana.sy\/tr\/index.php?rest_route=\/wp\/v2\/posts"}],"about":[{"href":"https:\/\/archive.sana.sy\/tr\/index.php?rest_route=\/wp\/v2\/types\/post"}],"author":[{"embeddable":true,"href":"https:\/\/archive.sana.sy\/tr\/index.php?rest_route=\/wp\/v2\/users\/1"}],"replies":[{"embeddable":true,"href":"https:\/\/archive.sana.sy\/tr\/index.php?rest_route=%2Fwp%2Fv2%2Fcomments&post=60474"}],"version-history":[{"count":0,"href":"https:\/\/archive.sana.sy\/tr\/index.php?rest_route=\/wp\/v2\/posts\/60474\/revisions"}],"wp:attachment":[{"href":"https:\/\/archive.sana.sy\/tr\/index.php?rest_route=%2Fwp%2Fv2%2Fmedia&parent=60474"}],"wp:term":[{"taxonomy":"category","embeddable":true,"href":"https:\/\/archive.sana.sy\/tr\/index.php?rest_route=%2Fwp%2Fv2%2Fcategories&post=60474"},{"taxonomy":"post_tag","embeddable":true,"href":"https:\/\/archive.sana.sy\/tr\/index.php?rest_route=%2Fwp%2Fv2%2Ftags&post=60474"}],"curies":[{"name":"wp","href":"https:\/\/api.w.org\/{rel}","templated":true}]}}