{"id":60475,"date":"2016-02-06T11:01:59","date_gmt":"2016-02-06T09:01:59","guid":{"rendered":"http:\/\/www.sana.sy\/tr\/?p=60475"},"modified":"2016-02-06T13:22:55","modified_gmt":"2016-02-06T11:22:55","slug":"askeri-kaynak-sanaya-aciklamasinda-idlib-ve-hama-kirsallarinda-erdogan-ve-al-suud-rejimlerinin-destekledikleri-teror-cetelerine-yonelik-nitelikli-operasyonlarini-surduren-ordu-birliklerimiz-k","status":"publish","type":"post","link":"https:\/\/archive.sana.sy\/tr\/?p=60475","title":{"rendered":"Askeri kaynak SANA\u2019ya a\u00e7\u0131klamas\u0131nda \u0130dlib ve Hama k\u0131rsallar\u0131nda Erdo\u011fan ve Al Suud rejimlerinin destekledikleri ter\u00f6r \u00e7etelerine y\u00f6nelik nitelikli operasyonlar\u0131n\u0131 s\u00fcrd\u00fcren ordu birliklerimiz Kefarroma ve Zekka b\u00f6lgelerinde 24 ter\u00f6risti ekipmanlar\u0131yla birlikte etkisizle\u015ftirdiklerini aktard\u0131"},"content":{"rendered":"<p>Askeri kaynak SANA\u2019ya a\u00e7\u0131klamas\u0131nda \u0130dlib ve Hama k\u0131rsallar\u0131nda Erdo\u011fan ve Al Suud rejimlerinin destekledikleri ter\u00f6r \u00e7etelerine y\u00f6nelik nitelikli operasyonlar\u0131n\u0131 s\u00fcrd\u00fcren ordu birliklerimiz Kefarroma ve Zekka b\u00f6lgelerinde 24 ter\u00f6risti ekipmanlar\u0131yla birlikte etkisizle\u015ftirdiklerini aktard\u0131<\/p>\n","protected":false},"excerpt":{"rendered":"<p>Askeri kaynak SANA\u2019ya a\u00e7\u0131klamas\u0131nda \u0130dlib ve Hama k\u0131rsallar\u0131nda Erdo\u011fan ve Al Suud rejimlerinin destekledikleri ter\u00f6r \u00e7etelerine y\u00f6nelik nitelikli operasyonlar\u0131n\u0131 s\u00fcrd\u00fcren ordu birliklerimiz Kefarroma ve Zekka b\u00f6lgelerinde 24 ter\u00f6risti ekipmanlar\u0131yla birlikte etkisizle\u015ftirdiklerini aktard\u0131<\/p>\n","protected":false},"author":1,"featured_media":0,"comment_status":"closed","ping_status":"closed","sticky":false,"template":"","format":"standard","meta":{"footnotes":""},"categories":[17991],"tags":[],"class_list":["post-60475","post","type-post","status-publish","format-standard","","category-son-dakika"],"_links":{"self":[{"href":"https:\/\/archive.sana.sy\/tr\/index.php?rest_route=\/wp\/v2\/posts\/60475","targetHints":{"allow":["GET"]}}],"collection":[{"href":"https:\/\/archive.sana.sy\/tr\/index.php?rest_route=\/wp\/v2\/posts"}],"about":[{"href":"https:\/\/archive.sana.sy\/tr\/index.php?rest_route=\/wp\/v2\/types\/post"}],"author":[{"embeddable":true,"href":"https:\/\/archive.sana.sy\/tr\/index.php?rest_route=\/wp\/v2\/users\/1"}],"replies":[{"embeddable":true,"href":"https:\/\/archive.sana.sy\/tr\/index.php?rest_route=%2Fwp%2Fv2%2Fcomments&post=60475"}],"version-history":[{"count":0,"href":"https:\/\/archive.sana.sy\/tr\/index.php?rest_route=\/wp\/v2\/posts\/60475\/revisions"}],"wp:attachment":[{"href":"https:\/\/archive.sana.sy\/tr\/index.php?rest_route=%2Fwp%2Fv2%2Fmedia&parent=60475"}],"wp:term":[{"taxonomy":"category","embeddable":true,"href":"https:\/\/archive.sana.sy\/tr\/index.php?rest_route=%2Fwp%2Fv2%2Fcategories&post=60475"},{"taxonomy":"post_tag","embeddable":true,"href":"https:\/\/archive.sana.sy\/tr\/index.php?rest_route=%2Fwp%2Fv2%2Ftags&post=60475"}],"curies":[{"name":"wp","href":"https:\/\/api.w.org\/{rel}","templated":true}]}}