{"id":60477,"date":"2016-02-06T13:26:21","date_gmt":"2016-02-06T11:26:21","guid":{"rendered":"http:\/\/www.sana.sy\/tr\/?p=60477"},"modified":"2016-02-06T13:26:21","modified_gmt":"2016-02-06T11:26:21","slug":"bm-guvenlik-konseyinin-2254-sayili-karari-ve-viyana-deklarasyonlarinin-suriye-halkinin-herhangi-bir-dis-mudahale-yada-onkosul-olmadan-kendi-gelecegini-belirleme-hakkini-vurguladigina-dikkat-ceken-mual","status":"publish","type":"post","link":"https:\/\/archive.sana.sy\/tr\/?p=60477","title":{"rendered":"BM G\u00fcvenlik Konseyinin 2254 say\u0131l\u0131 karar\u0131 ve Viyana deklarasyonlar\u0131n\u0131n Suriye halk\u0131n\u0131n herhangi bir d\u0131\u015f m\u00fcdahale yada \u00f6nko\u015ful olmadan kendi gelece\u011fini belirleme hakk\u0131n\u0131 vurgulad\u0131\u011f\u0131na dikkat \u00e7eken Muallim; Suriyeliler aras\u0131ndaki diyalog g\u00f6r\u00fc\u015fmelerinin de bizzat Suriyeliler aras\u0131nda ve Suriyelilerin y\u00f6netiminde olmas\u0131n\u0131 da \u00f6ng\u00f6rd\u00fcklerinin alt\u0131n\u0131 \u00e7izdi"},"content":{"rendered":"<p>BM G\u00fcvenlik Konseyinin 2254 say\u0131l\u0131 karar\u0131 ve Viyana deklarasyonlar\u0131n\u0131n Suriye halk\u0131n\u0131n herhangi bir d\u0131\u015f m\u00fcdahale yada \u00f6nko\u015ful olmadan kendi gelece\u011fini belirleme hakk\u0131n\u0131 vurgulad\u0131\u011f\u0131na dikkat \u00e7eken Muallim; Suriyeliler aras\u0131ndaki diyalog g\u00f6r\u00fc\u015fmelerinin de bizzat Suriyeliler aras\u0131nda ve Suriyelilerin y\u00f6netiminde olmas\u0131n\u0131 da \u00f6ng\u00f6rd\u00fcklerinin alt\u0131n\u0131 \u00e7izdi<\/p>\n","protected":false},"excerpt":{"rendered":"<p>BM G\u00fcvenlik Konseyinin 2254 say\u0131l\u0131 karar\u0131 ve Viyana deklarasyonlar\u0131n\u0131n Suriye halk\u0131n\u0131n herhangi bir d\u0131\u015f m\u00fcdahale yada \u00f6nko\u015ful olmadan kendi gelece\u011fini belirleme hakk\u0131n\u0131 vurgulad\u0131\u011f\u0131na dikkat \u00e7eken Muallim; Suriyeliler aras\u0131ndaki diyalog g\u00f6r\u00fc\u015fmelerinin de bizzat Suriyeliler aras\u0131nda ve Suriyelilerin y\u00f6netiminde olmas\u0131n\u0131 da \u00f6ng\u00f6rd\u00fcklerinin alt\u0131n\u0131 \u00e7izdi<\/p>\n","protected":false},"author":1,"featured_media":0,"comment_status":"closed","ping_status":"closed","sticky":false,"template":"","format":"standard","meta":{"footnotes":""},"categories":[17991],"tags":[],"class_list":["post-60477","post","type-post","status-publish","format-standard","","category-son-dakika"],"_links":{"self":[{"href":"https:\/\/archive.sana.sy\/tr\/index.php?rest_route=\/wp\/v2\/posts\/60477","targetHints":{"allow":["GET"]}}],"collection":[{"href":"https:\/\/archive.sana.sy\/tr\/index.php?rest_route=\/wp\/v2\/posts"}],"about":[{"href":"https:\/\/archive.sana.sy\/tr\/index.php?rest_route=\/wp\/v2\/types\/post"}],"author":[{"embeddable":true,"href":"https:\/\/archive.sana.sy\/tr\/index.php?rest_route=\/wp\/v2\/users\/1"}],"replies":[{"embeddable":true,"href":"https:\/\/archive.sana.sy\/tr\/index.php?rest_route=%2Fwp%2Fv2%2Fcomments&post=60477"}],"version-history":[{"count":0,"href":"https:\/\/archive.sana.sy\/tr\/index.php?rest_route=\/wp\/v2\/posts\/60477\/revisions"}],"wp:attachment":[{"href":"https:\/\/archive.sana.sy\/tr\/index.php?rest_route=%2Fwp%2Fv2%2Fmedia&parent=60477"}],"wp:term":[{"taxonomy":"category","embeddable":true,"href":"https:\/\/archive.sana.sy\/tr\/index.php?rest_route=%2Fwp%2Fv2%2Fcategories&post=60477"},{"taxonomy":"post_tag","embeddable":true,"href":"https:\/\/archive.sana.sy\/tr\/index.php?rest_route=%2Fwp%2Fv2%2Ftags&post=60477"}],"curies":[{"name":"wp","href":"https:\/\/api.w.org\/{rel}","templated":true}]}}