{"id":60482,"date":"2016-02-06T13:34:07","date_gmt":"2016-02-06T11:34:07","guid":{"rendered":"http:\/\/www.sana.sy\/tr\/?p=60482"},"modified":"2016-02-06T13:30:21","modified_gmt":"2016-02-06T11:30:21","slug":"suriyenin-bm-genel-sekreterinin-suriye-ozel-temsilcisi-staffan-de-misturadan-gorusmelere-katilacaklarin-listesini-istedigini-ifade-eden-muallim-oyle-ki-suriyenin-hayaletlerle-gorusmelere","status":"publish","type":"post","link":"https:\/\/archive.sana.sy\/tr\/?p=60482","title":{"rendered":"Suriye&#8217;nin BM genel sekreterinin Suriye \u00f6zel temsilcisi Staffan de Mistura\u2019dan g\u00f6r\u00fc\u015fmelere kat\u0131lacaklar\u0131n listesini istedi\u011fini ifade eden Muallim; \u00f6yle ki Suriye&#8217;nin hayaletlerle g\u00f6r\u00fc\u015fmelere oturmak istemedi\u011fini s\u00f6yledi"},"content":{"rendered":"<p>Suriye&#8217;nin BM genel sekreterinin Suriye \u00f6zel temsilcisi Staffan de Mistura\u2019dan g\u00f6r\u00fc\u015fmelere kat\u0131lacaklar\u0131n listesini istedi\u011fini ifade eden Muallim; \u00f6yle ki Suriye&#8217;nin hayaletlerle g\u00f6r\u00fc\u015fmelere oturmak istemedi\u011fini s\u00f6yledi<\/p>\n","protected":false},"excerpt":{"rendered":"<p>Suriye&#8217;nin BM genel sekreterinin Suriye \u00f6zel temsilcisi Staffan de Mistura\u2019dan g\u00f6r\u00fc\u015fmelere kat\u0131lacaklar\u0131n listesini istedi\u011fini ifade eden Muallim; \u00f6yle ki Suriye&#8217;nin hayaletlerle g\u00f6r\u00fc\u015fmelere oturmak istemedi\u011fini s\u00f6yledi<\/p>\n","protected":false},"author":1,"featured_media":0,"comment_status":"closed","ping_status":"closed","sticky":false,"template":"","format":"standard","meta":{"footnotes":""},"categories":[17991],"tags":[],"class_list":["post-60482","post","type-post","status-publish","format-standard","","category-son-dakika"],"_links":{"self":[{"href":"https:\/\/archive.sana.sy\/tr\/index.php?rest_route=\/wp\/v2\/posts\/60482","targetHints":{"allow":["GET"]}}],"collection":[{"href":"https:\/\/archive.sana.sy\/tr\/index.php?rest_route=\/wp\/v2\/posts"}],"about":[{"href":"https:\/\/archive.sana.sy\/tr\/index.php?rest_route=\/wp\/v2\/types\/post"}],"author":[{"embeddable":true,"href":"https:\/\/archive.sana.sy\/tr\/index.php?rest_route=\/wp\/v2\/users\/1"}],"replies":[{"embeddable":true,"href":"https:\/\/archive.sana.sy\/tr\/index.php?rest_route=%2Fwp%2Fv2%2Fcomments&post=60482"}],"version-history":[{"count":0,"href":"https:\/\/archive.sana.sy\/tr\/index.php?rest_route=\/wp\/v2\/posts\/60482\/revisions"}],"wp:attachment":[{"href":"https:\/\/archive.sana.sy\/tr\/index.php?rest_route=%2Fwp%2Fv2%2Fmedia&parent=60482"}],"wp:term":[{"taxonomy":"category","embeddable":true,"href":"https:\/\/archive.sana.sy\/tr\/index.php?rest_route=%2Fwp%2Fv2%2Fcategories&post=60482"},{"taxonomy":"post_tag","embeddable":true,"href":"https:\/\/archive.sana.sy\/tr\/index.php?rest_route=%2Fwp%2Fv2%2Ftags&post=60482"}],"curies":[{"name":"wp","href":"https:\/\/api.w.org\/{rel}","templated":true}]}}