{"id":60484,"date":"2016-02-06T13:38:04","date_gmt":"2016-02-06T11:38:04","guid":{"rendered":"http:\/\/www.sana.sy\/tr\/?p=60484"},"modified":"2016-02-06T13:35:11","modified_gmt":"2016-02-06T11:35:11","slug":"riyad-muhalefeti-heyetinin-suriye-ordusunun-tekfirci-teror-orgutlere-karsi-basarilarindan-sonra-cenevre-gorusmelerinden-cekilme-karari-aldigina-dikkat-ceken-muallim-halep-kirsalinda","status":"publish","type":"post","link":"https:\/\/archive.sana.sy\/tr\/?p=60484","title":{"rendered":"\u2018Riyad muhalefeti\u2019 heyetinin Suriye ordusunun tekfirci ter\u00f6r \u00f6rg\u00fctlere kar\u015f\u0131 ba\u015far\u0131lar\u0131ndan sonra Cenevre g\u00f6r\u00fc\u015fmelerinden \u00e7ekilme karar\u0131 ald\u0131\u011f\u0131na dikkat \u00e7eken Muallim; Halep k\u0131rsal\u0131nda N\u00fcbb\u00fcl ve Zehra beldelerine 3.5 y\u0131ldan beri s\u00fcren ter\u00f6r ablukas\u0131n\u0131n k\u0131r\u0131lmas\u0131na Suriye halk\u0131n\u0131n sevindi\u011fi gibi bu heyetin de sevinmesi gerekti\u011fine belirtti"},"content":{"rendered":"<p>\u2018Riyad muhalefeti\u2019 heyetinin Suriye ordusunun tekfirci ter\u00f6r \u00f6rg\u00fctlere kar\u015f\u0131 ba\u015far\u0131lar\u0131ndan sonra Cenevre g\u00f6r\u00fc\u015fmelerinden \u00e7ekilme karar\u0131 ald\u0131\u011f\u0131na dikkat \u00e7eken Muallim; Halep k\u0131rsal\u0131nda N\u00fcbb\u00fcl ve Zehra beldelerine 3.5 y\u0131ldan beri s\u00fcren ter\u00f6r ablukas\u0131n\u0131n k\u0131r\u0131lmas\u0131na Suriye halk\u0131n\u0131n sevindi\u011fi gibi bu heyetin de sevinmesi gerekti\u011fine belirtti<\/p>\n","protected":false},"excerpt":{"rendered":"<p>\u2018Riyad muhalefeti\u2019 heyetinin Suriye ordusunun tekfirci ter\u00f6r \u00f6rg\u00fctlere kar\u015f\u0131 ba\u015far\u0131lar\u0131ndan sonra Cenevre g\u00f6r\u00fc\u015fmelerinden \u00e7ekilme karar\u0131 ald\u0131\u011f\u0131na dikkat \u00e7eken Muallim; Halep k\u0131rsal\u0131nda N\u00fcbb\u00fcl ve Zehra beldelerine 3.5 y\u0131ldan beri s\u00fcren ter\u00f6r ablukas\u0131n\u0131n k\u0131r\u0131lmas\u0131na Suriye halk\u0131n\u0131n sevindi\u011fi gibi bu heyetin de sevinmesi gerekti\u011fine belirtti<\/p>\n","protected":false},"author":1,"featured_media":0,"comment_status":"closed","ping_status":"closed","sticky":false,"template":"","format":"standard","meta":{"footnotes":""},"categories":[17991],"tags":[],"class_list":["post-60484","post","type-post","status-publish","format-standard","","category-son-dakika"],"_links":{"self":[{"href":"https:\/\/archive.sana.sy\/tr\/index.php?rest_route=\/wp\/v2\/posts\/60484","targetHints":{"allow":["GET"]}}],"collection":[{"href":"https:\/\/archive.sana.sy\/tr\/index.php?rest_route=\/wp\/v2\/posts"}],"about":[{"href":"https:\/\/archive.sana.sy\/tr\/index.php?rest_route=\/wp\/v2\/types\/post"}],"author":[{"embeddable":true,"href":"https:\/\/archive.sana.sy\/tr\/index.php?rest_route=\/wp\/v2\/users\/1"}],"replies":[{"embeddable":true,"href":"https:\/\/archive.sana.sy\/tr\/index.php?rest_route=%2Fwp%2Fv2%2Fcomments&post=60484"}],"version-history":[{"count":0,"href":"https:\/\/archive.sana.sy\/tr\/index.php?rest_route=\/wp\/v2\/posts\/60484\/revisions"}],"wp:attachment":[{"href":"https:\/\/archive.sana.sy\/tr\/index.php?rest_route=%2Fwp%2Fv2%2Fmedia&parent=60484"}],"wp:term":[{"taxonomy":"category","embeddable":true,"href":"https:\/\/archive.sana.sy\/tr\/index.php?rest_route=%2Fwp%2Fv2%2Fcategories&post=60484"},{"taxonomy":"post_tag","embeddable":true,"href":"https:\/\/archive.sana.sy\/tr\/index.php?rest_route=%2Fwp%2Fv2%2Ftags&post=60484"}],"curies":[{"name":"wp","href":"https:\/\/api.w.org\/{rel}","templated":true}]}}