{"id":60486,"date":"2016-02-06T13:42:58","date_gmt":"2016-02-06T11:42:58","guid":{"rendered":"http:\/\/www.sana.sy\/tr\/?p=60486"},"modified":"2016-02-06T13:35:32","modified_gmt":"2016-02-06T11:35:32","slug":"muallim-fakat-bu-heyetin-sevinmek-yerine-gorusmelerden-cekilme-karari-aldigini-cunku-gercekte-suriye-halkina-tabi-olmadiklarinin-altini-cizdi","status":"publish","type":"post","link":"https:\/\/archive.sana.sy\/tr\/?p=60486","title":{"rendered":"Muallim fakat bu heyetin sevinmek yerine g\u00f6r\u00fc\u015fmelerden \u00e7ekilme karar\u0131 ald\u0131\u011f\u0131n\u0131, \u00e7\u00fcnk\u00fc ger\u00e7ekte Suriye halk\u0131na tabi olmad\u0131klar\u0131n\u0131n alt\u0131n\u0131 \u00e7izdi"},"content":{"rendered":"<p>Muallim fakat bu heyetin sevinmek yerine g\u00f6r\u00fc\u015fmelerden \u00e7ekilme karar\u0131 ald\u0131\u011f\u0131n\u0131, \u00e7\u00fcnk\u00fc ger\u00e7ekte Suriye halk\u0131na tabi olmad\u0131klar\u0131n\u0131n alt\u0131n\u0131 \u00e7izdi<\/p>\n","protected":false},"excerpt":{"rendered":"<p>Muallim fakat bu heyetin sevinmek yerine g\u00f6r\u00fc\u015fmelerden \u00e7ekilme karar\u0131 ald\u0131\u011f\u0131n\u0131, \u00e7\u00fcnk\u00fc ger\u00e7ekte Suriye halk\u0131na tabi olmad\u0131klar\u0131n\u0131n alt\u0131n\u0131 \u00e7izdi<\/p>\n","protected":false},"author":1,"featured_media":0,"comment_status":"closed","ping_status":"closed","sticky":false,"template":"","format":"standard","meta":{"footnotes":""},"categories":[17991],"tags":[],"class_list":["post-60486","post","type-post","status-publish","format-standard","","category-son-dakika"],"_links":{"self":[{"href":"https:\/\/archive.sana.sy\/tr\/index.php?rest_route=\/wp\/v2\/posts\/60486","targetHints":{"allow":["GET"]}}],"collection":[{"href":"https:\/\/archive.sana.sy\/tr\/index.php?rest_route=\/wp\/v2\/posts"}],"about":[{"href":"https:\/\/archive.sana.sy\/tr\/index.php?rest_route=\/wp\/v2\/types\/post"}],"author":[{"embeddable":true,"href":"https:\/\/archive.sana.sy\/tr\/index.php?rest_route=\/wp\/v2\/users\/1"}],"replies":[{"embeddable":true,"href":"https:\/\/archive.sana.sy\/tr\/index.php?rest_route=%2Fwp%2Fv2%2Fcomments&post=60486"}],"version-history":[{"count":0,"href":"https:\/\/archive.sana.sy\/tr\/index.php?rest_route=\/wp\/v2\/posts\/60486\/revisions"}],"wp:attachment":[{"href":"https:\/\/archive.sana.sy\/tr\/index.php?rest_route=%2Fwp%2Fv2%2Fmedia&parent=60486"}],"wp:term":[{"taxonomy":"category","embeddable":true,"href":"https:\/\/archive.sana.sy\/tr\/index.php?rest_route=%2Fwp%2Fv2%2Fcategories&post=60486"},{"taxonomy":"post_tag","embeddable":true,"href":"https:\/\/archive.sana.sy\/tr\/index.php?rest_route=%2Fwp%2Fv2%2Ftags&post=60486"}],"curies":[{"name":"wp","href":"https:\/\/api.w.org\/{rel}","templated":true}]}}