{"id":60518,"date":"2016-02-06T14:30:19","date_gmt":"2016-02-06T12:30:19","guid":{"rendered":"http:\/\/www.sana.sy\/tr\/?p=60518"},"modified":"2016-02-06T14:04:12","modified_gmt":"2016-02-06T12:04:12","slug":"suriye-topraklarina-yonelik-herhangi-bir-kara-mudahalesinin-net-ve-acik-bir-sekilde-suriyenin-ulusal-egemenligi-ve-selametine-saldiri-niteliginde-sayilacaginin-altini-cizen-muallim-saldirinin-da-su","status":"publish","type":"post","link":"https:\/\/archive.sana.sy\/tr\/?p=60518","title":{"rendered":"Suriye topraklar\u0131na y\u00f6nelik herhangi bir kara m\u00fcdahalesinin net ve a\u00e7\u0131k bir \u015fekilde Suriye&#8217;nin ulusal egemenli\u011fi ve selametine sald\u0131r\u0131 niteli\u011finde say\u0131laca\u011f\u0131n\u0131n alt\u0131n\u0131 \u00e7izen Muallim; sald\u0131r\u0131n\u0131n da Suriyeli her vatanda\u015f\u0131n bir vacibi ve vatan\u0131 savunma sorumlulu\u011fu kapsam\u0131nda kar\u015f\u0131 cevap gerektirdi\u011fine vurgu yapt\u0131"},"content":{"rendered":"<p>Suriye topraklar\u0131na y\u00f6nelik herhangi bir kara m\u00fcdahalesinin net ve a\u00e7\u0131k bir \u015fekilde Suriye&#8217;nin ulusal egemenli\u011fi ve selametine sald\u0131r\u0131 niteli\u011finde say\u0131laca\u011f\u0131n\u0131n alt\u0131n\u0131 \u00e7izen Muallim; sald\u0131r\u0131n\u0131n da Suriyeli her vatanda\u015f\u0131n bir vacibi ve vatan\u0131 savunma sorumlulu\u011fu kapsam\u0131nda kar\u015f\u0131 cevap gerektirdi\u011fine vurgu yapt\u0131<\/p>\n","protected":false},"excerpt":{"rendered":"<p>Suriye topraklar\u0131na y\u00f6nelik herhangi bir kara m\u00fcdahalesinin net ve a\u00e7\u0131k bir \u015fekilde Suriye&#8217;nin ulusal egemenli\u011fi ve selametine sald\u0131r\u0131 niteli\u011finde say\u0131laca\u011f\u0131n\u0131n alt\u0131n\u0131 \u00e7izen Muallim; sald\u0131r\u0131n\u0131n da Suriyeli her vatanda\u015f\u0131n bir vacibi ve vatan\u0131 savunma sorumlulu\u011fu kapsam\u0131nda kar\u015f\u0131 cevap gerektirdi\u011fine vurgu yapt\u0131<\/p>\n","protected":false},"author":1,"featured_media":0,"comment_status":"closed","ping_status":"closed","sticky":false,"template":"","format":"standard","meta":{"footnotes":""},"categories":[17991],"tags":[],"class_list":["post-60518","post","type-post","status-publish","format-standard","","category-son-dakika"],"_links":{"self":[{"href":"https:\/\/archive.sana.sy\/tr\/index.php?rest_route=\/wp\/v2\/posts\/60518","targetHints":{"allow":["GET"]}}],"collection":[{"href":"https:\/\/archive.sana.sy\/tr\/index.php?rest_route=\/wp\/v2\/posts"}],"about":[{"href":"https:\/\/archive.sana.sy\/tr\/index.php?rest_route=\/wp\/v2\/types\/post"}],"author":[{"embeddable":true,"href":"https:\/\/archive.sana.sy\/tr\/index.php?rest_route=\/wp\/v2\/users\/1"}],"replies":[{"embeddable":true,"href":"https:\/\/archive.sana.sy\/tr\/index.php?rest_route=%2Fwp%2Fv2%2Fcomments&post=60518"}],"version-history":[{"count":0,"href":"https:\/\/archive.sana.sy\/tr\/index.php?rest_route=\/wp\/v2\/posts\/60518\/revisions"}],"wp:attachment":[{"href":"https:\/\/archive.sana.sy\/tr\/index.php?rest_route=%2Fwp%2Fv2%2Fmedia&parent=60518"}],"wp:term":[{"taxonomy":"category","embeddable":true,"href":"https:\/\/archive.sana.sy\/tr\/index.php?rest_route=%2Fwp%2Fv2%2Fcategories&post=60518"},{"taxonomy":"post_tag","embeddable":true,"href":"https:\/\/archive.sana.sy\/tr\/index.php?rest_route=%2Fwp%2Fv2%2Ftags&post=60518"}],"curies":[{"name":"wp","href":"https:\/\/api.w.org\/{rel}","templated":true}]}}