{"id":60528,"date":"2016-02-06T14:48:29","date_gmt":"2016-02-06T12:48:29","guid":{"rendered":"http:\/\/www.sana.sy\/tr\/?p=60528"},"modified":"2016-02-06T14:13:00","modified_gmt":"2016-02-06T12:13:00","slug":"muallim-sonuc-itibariyla-bu-taraflarin-suriye-ve-halkina-yonelik-dusmanliklarinda-hicbir-mantik-ilke-yada-kanuna-kulak-vermediklerini-soyledi","status":"publish","type":"post","link":"https:\/\/archive.sana.sy\/tr\/?p=60528","title":{"rendered":"Muallim sonu\u00e7 itibar\u0131yla bu taraflar\u0131n Suriye ve halk\u0131na y\u00f6nelik d\u00fc\u015fmanl\u0131klar\u0131nda hi\u00e7bir mant\u0131k, ilke yada kanuna kulak vermediklerini s\u00f6yledi"},"content":{"rendered":"<p>Muallim sonu\u00e7 itibar\u0131yla bu taraflar\u0131n Suriye ve halk\u0131na y\u00f6nelik d\u00fc\u015fmanl\u0131klar\u0131nda hi\u00e7bir mant\u0131k, ilke yada kanuna kulak vermediklerini s\u00f6yledi<\/p>\n","protected":false},"excerpt":{"rendered":"<p>Muallim sonu\u00e7 itibar\u0131yla bu taraflar\u0131n Suriye ve halk\u0131na y\u00f6nelik d\u00fc\u015fmanl\u0131klar\u0131nda hi\u00e7bir mant\u0131k, ilke yada kanuna kulak vermediklerini s\u00f6yledi<\/p>\n","protected":false},"author":1,"featured_media":0,"comment_status":"closed","ping_status":"closed","sticky":false,"template":"","format":"standard","meta":{"footnotes":""},"categories":[17991],"tags":[],"class_list":["post-60528","post","type-post","status-publish","format-standard","","category-son-dakika"],"_links":{"self":[{"href":"https:\/\/archive.sana.sy\/tr\/index.php?rest_route=\/wp\/v2\/posts\/60528","targetHints":{"allow":["GET"]}}],"collection":[{"href":"https:\/\/archive.sana.sy\/tr\/index.php?rest_route=\/wp\/v2\/posts"}],"about":[{"href":"https:\/\/archive.sana.sy\/tr\/index.php?rest_route=\/wp\/v2\/types\/post"}],"author":[{"embeddable":true,"href":"https:\/\/archive.sana.sy\/tr\/index.php?rest_route=\/wp\/v2\/users\/1"}],"replies":[{"embeddable":true,"href":"https:\/\/archive.sana.sy\/tr\/index.php?rest_route=%2Fwp%2Fv2%2Fcomments&post=60528"}],"version-history":[{"count":0,"href":"https:\/\/archive.sana.sy\/tr\/index.php?rest_route=\/wp\/v2\/posts\/60528\/revisions"}],"wp:attachment":[{"href":"https:\/\/archive.sana.sy\/tr\/index.php?rest_route=%2Fwp%2Fv2%2Fmedia&parent=60528"}],"wp:term":[{"taxonomy":"category","embeddable":true,"href":"https:\/\/archive.sana.sy\/tr\/index.php?rest_route=%2Fwp%2Fv2%2Fcategories&post=60528"},{"taxonomy":"post_tag","embeddable":true,"href":"https:\/\/archive.sana.sy\/tr\/index.php?rest_route=%2Fwp%2Fv2%2Ftags&post=60528"}],"curies":[{"name":"wp","href":"https:\/\/api.w.org\/{rel}","templated":true}]}}