{"id":60531,"date":"2016-02-06T14:52:44","date_gmt":"2016-02-06T12:52:44","guid":{"rendered":"http:\/\/www.sana.sy\/tr\/?p=60531"},"modified":"2016-02-06T14:17:01","modified_gmt":"2016-02-06T12:17:01","slug":"basbakan-yardimcisi-disisleri-ve-gurbetciler-bakani-muallim-suriyenin-yasadigimiz-bu-krize-yegane-cozum-yolunun-suriyeliler-arasinda-herhangi-bir-dis-mudahale-olmaksizin-siyasi-diyalogdan-gectigine","status":"publish","type":"post","link":"https:\/\/archive.sana.sy\/tr\/?p=60531","title":{"rendered":"Ba\u015fbakan Yard\u0131mc\u0131s\u0131 D\u0131\u015fi\u015fleri ve Gurbet\u00e7iler Bakan\u0131 Muallim Suriye&#8217;nin, ya\u015fad\u0131\u011f\u0131m\u0131z bu krize yegane \u00e7\u00f6z\u00fcm yolunun Suriyeliler aras\u0131nda herhangi bir d\u0131\u015f m\u00fcdahale olmaks\u0131z\u0131n siyasi diyalogdan ge\u00e7ti\u011fine tam ve mutlak bir \u015fekilde inand\u0131\u011f\u0131n\u0131 vurgulad\u0131"},"content":{"rendered":"<p>Ba\u015fbakan Yard\u0131mc\u0131s\u0131 D\u0131\u015fi\u015fleri ve Gurbet\u00e7iler Bakan\u0131 Muallim Suriye&#8217;nin, ya\u015fad\u0131\u011f\u0131m\u0131z bu krize yegane \u00e7\u00f6z\u00fcm yolunun Suriyeliler aras\u0131nda herhangi bir d\u0131\u015f m\u00fcdahale olmaks\u0131z\u0131n siyasi diyalogdan ge\u00e7ti\u011fine tam ve mutlak bir \u015fekilde inand\u0131\u011f\u0131n\u0131 vurgulad\u0131<\/p>\n","protected":false},"excerpt":{"rendered":"<p>Ba\u015fbakan Yard\u0131mc\u0131s\u0131 D\u0131\u015fi\u015fleri ve Gurbet\u00e7iler Bakan\u0131 Muallim Suriye&#8217;nin, ya\u015fad\u0131\u011f\u0131m\u0131z bu krize yegane \u00e7\u00f6z\u00fcm yolunun Suriyeliler aras\u0131nda herhangi bir d\u0131\u015f m\u00fcdahale olmaks\u0131z\u0131n siyasi diyalogdan ge\u00e7ti\u011fine tam ve mutlak bir \u015fekilde inand\u0131\u011f\u0131n\u0131 vurgulad\u0131<\/p>\n","protected":false},"author":1,"featured_media":0,"comment_status":"closed","ping_status":"closed","sticky":false,"template":"","format":"standard","meta":{"footnotes":""},"categories":[17991],"tags":[],"class_list":["post-60531","post","type-post","status-publish","format-standard","","category-son-dakika"],"_links":{"self":[{"href":"https:\/\/archive.sana.sy\/tr\/index.php?rest_route=\/wp\/v2\/posts\/60531","targetHints":{"allow":["GET"]}}],"collection":[{"href":"https:\/\/archive.sana.sy\/tr\/index.php?rest_route=\/wp\/v2\/posts"}],"about":[{"href":"https:\/\/archive.sana.sy\/tr\/index.php?rest_route=\/wp\/v2\/types\/post"}],"author":[{"embeddable":true,"href":"https:\/\/archive.sana.sy\/tr\/index.php?rest_route=\/wp\/v2\/users\/1"}],"replies":[{"embeddable":true,"href":"https:\/\/archive.sana.sy\/tr\/index.php?rest_route=%2Fwp%2Fv2%2Fcomments&post=60531"}],"version-history":[{"count":0,"href":"https:\/\/archive.sana.sy\/tr\/index.php?rest_route=\/wp\/v2\/posts\/60531\/revisions"}],"wp:attachment":[{"href":"https:\/\/archive.sana.sy\/tr\/index.php?rest_route=%2Fwp%2Fv2%2Fmedia&parent=60531"}],"wp:term":[{"taxonomy":"category","embeddable":true,"href":"https:\/\/archive.sana.sy\/tr\/index.php?rest_route=%2Fwp%2Fv2%2Fcategories&post=60531"},{"taxonomy":"post_tag","embeddable":true,"href":"https:\/\/archive.sana.sy\/tr\/index.php?rest_route=%2Fwp%2Fv2%2Ftags&post=60531"}],"curies":[{"name":"wp","href":"https:\/\/api.w.org\/{rel}","templated":true}]}}