{"id":60532,"date":"2016-02-06T14:56:48","date_gmt":"2016-02-06T12:56:48","guid":{"rendered":"http:\/\/www.sana.sy\/tr\/?p=60532"},"modified":"2016-02-06T14:17:25","modified_gmt":"2016-02-06T12:17:25","slug":"suriyenin-sahada-gelisen-durumlar-ile-siyasi-cabalari-kesinlikle-birbirine-baglamadigini-belirten-muallim-siyasi-surece-es-zamanli-olarak-ayni-zamanda-terorle-mucadele-savasini-da-yuruttugunu-belir","status":"publish","type":"post","link":"https:\/\/archive.sana.sy\/tr\/?p=60532","title":{"rendered":"Suriye&#8217;nin sahada geli\u015fen durumlar ile siyasi \u00e7abalar\u0131 kesinlikle birbirine ba\u011flamad\u0131\u011f\u0131n\u0131 belirten Muallim; siyasi s\u00fcrece e\u015f zamanl\u0131 olarak ayn\u0131 zamanda ter\u00f6rle m\u00fccadele sava\u015f\u0131n\u0131 da y\u00fcr\u00fctt\u00fc\u011f\u00fcn\u00fc belirtti"},"content":{"rendered":"<p>Suriye&#8217;nin sahada geli\u015fen durumlar ile siyasi \u00e7abalar\u0131 kesinlikle birbirine ba\u011flamad\u0131\u011f\u0131n\u0131 belirten Muallim; siyasi s\u00fcrece e\u015f zamanl\u0131 olarak ayn\u0131 zamanda ter\u00f6rle m\u00fccadele sava\u015f\u0131n\u0131 da y\u00fcr\u00fctt\u00fc\u011f\u00fcn\u00fc belirtti<\/p>\n","protected":false},"excerpt":{"rendered":"<p>Suriye&#8217;nin sahada geli\u015fen durumlar ile siyasi \u00e7abalar\u0131 kesinlikle birbirine ba\u011flamad\u0131\u011f\u0131n\u0131 belirten Muallim; siyasi s\u00fcrece e\u015f zamanl\u0131 olarak ayn\u0131 zamanda ter\u00f6rle m\u00fccadele sava\u015f\u0131n\u0131 da y\u00fcr\u00fctt\u00fc\u011f\u00fcn\u00fc belirtti<\/p>\n","protected":false},"author":1,"featured_media":0,"comment_status":"closed","ping_status":"closed","sticky":false,"template":"","format":"standard","meta":{"footnotes":""},"categories":[17991],"tags":[],"class_list":["post-60532","post","type-post","status-publish","format-standard","","category-son-dakika"],"_links":{"self":[{"href":"https:\/\/archive.sana.sy\/tr\/index.php?rest_route=\/wp\/v2\/posts\/60532","targetHints":{"allow":["GET"]}}],"collection":[{"href":"https:\/\/archive.sana.sy\/tr\/index.php?rest_route=\/wp\/v2\/posts"}],"about":[{"href":"https:\/\/archive.sana.sy\/tr\/index.php?rest_route=\/wp\/v2\/types\/post"}],"author":[{"embeddable":true,"href":"https:\/\/archive.sana.sy\/tr\/index.php?rest_route=\/wp\/v2\/users\/1"}],"replies":[{"embeddable":true,"href":"https:\/\/archive.sana.sy\/tr\/index.php?rest_route=%2Fwp%2Fv2%2Fcomments&post=60532"}],"version-history":[{"count":0,"href":"https:\/\/archive.sana.sy\/tr\/index.php?rest_route=\/wp\/v2\/posts\/60532\/revisions"}],"wp:attachment":[{"href":"https:\/\/archive.sana.sy\/tr\/index.php?rest_route=%2Fwp%2Fv2%2Fmedia&parent=60532"}],"wp:term":[{"taxonomy":"category","embeddable":true,"href":"https:\/\/archive.sana.sy\/tr\/index.php?rest_route=%2Fwp%2Fv2%2Fcategories&post=60532"},{"taxonomy":"post_tag","embeddable":true,"href":"https:\/\/archive.sana.sy\/tr\/index.php?rest_route=%2Fwp%2Fv2%2Ftags&post=60532"}],"curies":[{"name":"wp","href":"https:\/\/api.w.org\/{rel}","templated":true}]}}