{"id":60539,"date":"2016-02-06T13:05:23","date_gmt":"2016-02-06T11:05:23","guid":{"rendered":"http:\/\/www.sana.sy\/tr\/?p=60539"},"modified":"2016-02-06T14:20:44","modified_gmt":"2016-02-06T12:20:44","slug":"suriyenin-herhangi-bir-onkosul-yada-dis-mudahalenin-olmayacagi-suriyeliler-arasindaki-diyalog-gorusmelerine-bagliligini-surdurecegini-ifade-eden-muallim-suriyenin-geleceginin-sadece-ve-sadece-sur","status":"publish","type":"post","link":"https:\/\/archive.sana.sy\/tr\/?p=60539","title":{"rendered":"Suriye&#8217;nin herhangi bir \u00f6nko\u015ful yada d\u0131\u015f m\u00fcdahalenin olmayaca\u011f\u0131 Suriyeliler aras\u0131ndaki diyalog g\u00f6r\u00fc\u015fmelerine ba\u011fl\u0131l\u0131\u011f\u0131n\u0131 s\u00fcrd\u00fcrece\u011fini ifade eden Muallim; Suriye&#8217;nin gelece\u011finin sadece ve sadece Suriyeliler taraf\u0131ndan belirlenece\u011finin de bir kez daha alt\u0131n\u0131 \u00e7izdi"},"content":{"rendered":"<p>Suriye&#8217;nin herhangi bir \u00f6nko\u015ful yada d\u0131\u015f m\u00fcdahalenin olmayaca\u011f\u0131 Suriyeliler aras\u0131ndaki diyalog g\u00f6r\u00fc\u015fmelerine ba\u011fl\u0131l\u0131\u011f\u0131n\u0131 s\u00fcrd\u00fcrece\u011fini ifade eden Muallim; Suriye&#8217;nin gelece\u011finin sadece ve sadece Suriyeliler taraf\u0131ndan belirlenece\u011finin de bir kez daha alt\u0131n\u0131 \u00e7izdi<\/p>\n","protected":false},"excerpt":{"rendered":"<p>Suriye&#8217;nin herhangi bir \u00f6nko\u015ful yada d\u0131\u015f m\u00fcdahalenin olmayaca\u011f\u0131 Suriyeliler aras\u0131ndaki diyalog g\u00f6r\u00fc\u015fmelerine ba\u011fl\u0131l\u0131\u011f\u0131n\u0131 s\u00fcrd\u00fcrece\u011fini ifade eden Muallim; Suriye&#8217;nin gelece\u011finin sadece ve sadece Suriyeliler taraf\u0131ndan belirlenece\u011finin de bir kez daha alt\u0131n\u0131 \u00e7izdi<\/p>\n","protected":false},"author":1,"featured_media":0,"comment_status":"closed","ping_status":"closed","sticky":false,"template":"","format":"standard","meta":{"footnotes":""},"categories":[17991],"tags":[],"class_list":["post-60539","post","type-post","status-publish","format-standard","","category-son-dakika"],"_links":{"self":[{"href":"https:\/\/archive.sana.sy\/tr\/index.php?rest_route=\/wp\/v2\/posts\/60539","targetHints":{"allow":["GET"]}}],"collection":[{"href":"https:\/\/archive.sana.sy\/tr\/index.php?rest_route=\/wp\/v2\/posts"}],"about":[{"href":"https:\/\/archive.sana.sy\/tr\/index.php?rest_route=\/wp\/v2\/types\/post"}],"author":[{"embeddable":true,"href":"https:\/\/archive.sana.sy\/tr\/index.php?rest_route=\/wp\/v2\/users\/1"}],"replies":[{"embeddable":true,"href":"https:\/\/archive.sana.sy\/tr\/index.php?rest_route=%2Fwp%2Fv2%2Fcomments&post=60539"}],"version-history":[{"count":0,"href":"https:\/\/archive.sana.sy\/tr\/index.php?rest_route=\/wp\/v2\/posts\/60539\/revisions"}],"wp:attachment":[{"href":"https:\/\/archive.sana.sy\/tr\/index.php?rest_route=%2Fwp%2Fv2%2Fmedia&parent=60539"}],"wp:term":[{"taxonomy":"category","embeddable":true,"href":"https:\/\/archive.sana.sy\/tr\/index.php?rest_route=%2Fwp%2Fv2%2Fcategories&post=60539"},{"taxonomy":"post_tag","embeddable":true,"href":"https:\/\/archive.sana.sy\/tr\/index.php?rest_route=%2Fwp%2Fv2%2Ftags&post=60539"}],"curies":[{"name":"wp","href":"https:\/\/api.w.org\/{rel}","templated":true}]}}