{"id":60540,"date":"2016-02-06T15:09:25","date_gmt":"2016-02-06T13:09:25","guid":{"rendered":"http:\/\/www.sana.sy\/tr\/?p=60540"},"modified":"2016-02-06T14:24:20","modified_gmt":"2016-02-06T12:24:20","slug":"suriyeliler-arasindaki-diyalog-gorusmelerinin-de-mistura-tarafindan-yurutuldugune-dikkat-ceken-muallim-suriyenin-de-sadece-ve-sadece-suriyeliler-arasindaki-gorusmelerin-sonuclarini-taniyacagini-bel","status":"publish","type":"post","link":"https:\/\/archive.sana.sy\/tr\/?p=60540","title":{"rendered":"Suriyeliler aras\u0131ndaki diyalog g\u00f6r\u00fc\u015fmelerinin de Mistura taraf\u0131ndan y\u00fcr\u00fct\u00fcld\u00fc\u011f\u00fcne dikkat \u00e7eken Muallim; Suriye&#8217;nin de sadece ve sadece Suriyeliler aras\u0131ndaki g\u00f6r\u00fc\u015fmelerin sonu\u00e7lar\u0131n\u0131 tan\u0131yaca\u011f\u0131n\u0131 belirtti"},"content":{"rendered":"<p>Suriyeliler aras\u0131ndaki diyalog g\u00f6r\u00fc\u015fmelerinin de Mistura taraf\u0131ndan y\u00fcr\u00fct\u00fcld\u00fc\u011f\u00fcne dikkat \u00e7eken Muallim; Suriye&#8217;nin de sadece ve sadece Suriyeliler aras\u0131ndaki g\u00f6r\u00fc\u015fmelerin sonu\u00e7lar\u0131n\u0131 tan\u0131yaca\u011f\u0131n\u0131 belirtti<\/p>\n","protected":false},"excerpt":{"rendered":"<p>Suriyeliler aras\u0131ndaki diyalog g\u00f6r\u00fc\u015fmelerinin de Mistura taraf\u0131ndan y\u00fcr\u00fct\u00fcld\u00fc\u011f\u00fcne dikkat \u00e7eken Muallim; Suriye&#8217;nin de sadece ve sadece Suriyeliler aras\u0131ndaki g\u00f6r\u00fc\u015fmelerin sonu\u00e7lar\u0131n\u0131 tan\u0131yaca\u011f\u0131n\u0131 belirtti<\/p>\n","protected":false},"author":1,"featured_media":0,"comment_status":"closed","ping_status":"closed","sticky":false,"template":"","format":"standard","meta":{"footnotes":""},"categories":[17991],"tags":[],"class_list":["post-60540","post","type-post","status-publish","format-standard","","category-son-dakika"],"_links":{"self":[{"href":"https:\/\/archive.sana.sy\/tr\/index.php?rest_route=\/wp\/v2\/posts\/60540","targetHints":{"allow":["GET"]}}],"collection":[{"href":"https:\/\/archive.sana.sy\/tr\/index.php?rest_route=\/wp\/v2\/posts"}],"about":[{"href":"https:\/\/archive.sana.sy\/tr\/index.php?rest_route=\/wp\/v2\/types\/post"}],"author":[{"embeddable":true,"href":"https:\/\/archive.sana.sy\/tr\/index.php?rest_route=\/wp\/v2\/users\/1"}],"replies":[{"embeddable":true,"href":"https:\/\/archive.sana.sy\/tr\/index.php?rest_route=%2Fwp%2Fv2%2Fcomments&post=60540"}],"version-history":[{"count":0,"href":"https:\/\/archive.sana.sy\/tr\/index.php?rest_route=\/wp\/v2\/posts\/60540\/revisions"}],"wp:attachment":[{"href":"https:\/\/archive.sana.sy\/tr\/index.php?rest_route=%2Fwp%2Fv2%2Fmedia&parent=60540"}],"wp:term":[{"taxonomy":"category","embeddable":true,"href":"https:\/\/archive.sana.sy\/tr\/index.php?rest_route=%2Fwp%2Fv2%2Fcategories&post=60540"},{"taxonomy":"post_tag","embeddable":true,"href":"https:\/\/archive.sana.sy\/tr\/index.php?rest_route=%2Fwp%2Fv2%2Ftags&post=60540"}],"curies":[{"name":"wp","href":"https:\/\/api.w.org\/{rel}","templated":true}]}}