{"id":60548,"date":"2016-02-06T15:16:10","date_gmt":"2016-02-06T13:16:10","guid":{"rendered":"http:\/\/www.sana.sy\/tr\/?p=60548"},"modified":"2016-02-06T14:28:27","modified_gmt":"2016-02-06T12:28:27","slug":"urdunun-tutumu-konusunda-ise-muallim-bu-konuda-hicbir-degisikligin-olmadigini-ifade-ederek-urdun-topraklarindan-suriyeye-terorist-kafilelerinin-devam-ettigini-belirtti-muallim-fakat-tero","status":"publish","type":"post","link":"https:\/\/archive.sana.sy\/tr\/?p=60548","title":{"rendered":"\u00dcrd\u00fcn\u2019\u00fcn tutumu konusunda ise Muallim; bu konuda hi\u00e7bir de\u011fi\u015fikli\u011fin olmad\u0131\u011f\u0131n\u0131 ifade ederek, \u00dcrd\u00fcn topraklar\u0131ndan Suriye&#8217;ye ter\u00f6rist kafilelerinin devam etti\u011fini belirtti. Muallim fakat ter\u00f6ristlerin tek y\u00f6nde ge\u00e7i\u015f yapt\u0131klar\u0131n\u0131, \u00e7\u00fcnk\u00fc aksi y\u00f6nde ge\u00e7i\u015f yapanlar\u0131n \u00f6ld\u00fcr\u00fcld\u00fcklerini ifade etti"},"content":{"rendered":"<p>\u00dcrd\u00fcn\u2019\u00fcn tutumu konusunda ise Muallim; bu konuda hi\u00e7bir de\u011fi\u015fikli\u011fin olmad\u0131\u011f\u0131n\u0131 ifade ederek, \u00dcrd\u00fcn topraklar\u0131ndan Suriye&#8217;ye ter\u00f6rist kafilelerinin devam etti\u011fini belirtti. Muallim fakat ter\u00f6ristlerin tek y\u00f6nde ge\u00e7i\u015f yapt\u0131klar\u0131n\u0131, \u00e7\u00fcnk\u00fc aksi y\u00f6nde ge\u00e7i\u015f yapanlar\u0131n \u00f6ld\u00fcr\u00fcld\u00fcklerini ifade etti<\/p>\n","protected":false},"excerpt":{"rendered":"<p>\u00dcrd\u00fcn\u2019\u00fcn tutumu konusunda ise Muallim; bu konuda hi\u00e7bir de\u011fi\u015fikli\u011fin olmad\u0131\u011f\u0131n\u0131 ifade ederek, \u00dcrd\u00fcn topraklar\u0131ndan Suriye&#8217;ye ter\u00f6rist kafilelerinin devam etti\u011fini belirtti. Muallim fakat ter\u00f6ristlerin tek y\u00f6nde ge\u00e7i\u015f yapt\u0131klar\u0131n\u0131, \u00e7\u00fcnk\u00fc aksi y\u00f6nde ge\u00e7i\u015f yapanlar\u0131n \u00f6ld\u00fcr\u00fcld\u00fcklerini ifade etti<\/p>\n","protected":false},"author":1,"featured_media":0,"comment_status":"closed","ping_status":"closed","sticky":false,"template":"","format":"standard","meta":{"footnotes":""},"categories":[17991],"tags":[],"class_list":["post-60548","post","type-post","status-publish","format-standard","","category-son-dakika"],"_links":{"self":[{"href":"https:\/\/archive.sana.sy\/tr\/index.php?rest_route=\/wp\/v2\/posts\/60548","targetHints":{"allow":["GET"]}}],"collection":[{"href":"https:\/\/archive.sana.sy\/tr\/index.php?rest_route=\/wp\/v2\/posts"}],"about":[{"href":"https:\/\/archive.sana.sy\/tr\/index.php?rest_route=\/wp\/v2\/types\/post"}],"author":[{"embeddable":true,"href":"https:\/\/archive.sana.sy\/tr\/index.php?rest_route=\/wp\/v2\/users\/1"}],"replies":[{"embeddable":true,"href":"https:\/\/archive.sana.sy\/tr\/index.php?rest_route=%2Fwp%2Fv2%2Fcomments&post=60548"}],"version-history":[{"count":0,"href":"https:\/\/archive.sana.sy\/tr\/index.php?rest_route=\/wp\/v2\/posts\/60548\/revisions"}],"wp:attachment":[{"href":"https:\/\/archive.sana.sy\/tr\/index.php?rest_route=%2Fwp%2Fv2%2Fmedia&parent=60548"}],"wp:term":[{"taxonomy":"category","embeddable":true,"href":"https:\/\/archive.sana.sy\/tr\/index.php?rest_route=%2Fwp%2Fv2%2Fcategories&post=60548"},{"taxonomy":"post_tag","embeddable":true,"href":"https:\/\/archive.sana.sy\/tr\/index.php?rest_route=%2Fwp%2Fv2%2Ftags&post=60548"}],"curies":[{"name":"wp","href":"https:\/\/api.w.org\/{rel}","templated":true}]}}