{"id":60551,"date":"2016-02-06T15:22:03","date_gmt":"2016-02-06T13:22:03","guid":{"rendered":"http:\/\/www.sana.sy\/tr\/?p=60551"},"modified":"2016-02-06T14:32:53","modified_gmt":"2016-02-06T12:32:53","slug":"muallim-terorle-mucadelesinde-suriye-ve-halkina-yardim-ve-desteginden-dolayi-rusya-ve-diger-dost-devletlere-tesekkurlerini-ifade-etti","status":"publish","type":"post","link":"https:\/\/archive.sana.sy\/tr\/?p=60551","title":{"rendered":"Muallim ter\u00f6rle m\u00fccadelesinde Suriye ve halk\u0131na yard\u0131m ve deste\u011finden dolay\u0131 Rusya ve di\u011fer dost devletlere te\u015fekk\u00fcrlerini ifade ederken Suriye ve Rusya aras\u0131nda mevcut koordinasyon ve i\u015fbirli\u011fi sonucunda Suriye&#8217;nin Rusya&#8217;ya g\u00fcvendi\u011fini belirtti"},"content":{"rendered":"<p>Muallim ter\u00f6rle m\u00fccadelesinde Suriye ve halk\u0131na yard\u0131m ve deste\u011finden dolay\u0131 Rusya ve di\u011fer dost devletlere te\u015fekk\u00fcrlerini ifade ederken Suriye ve Rusya aras\u0131nda mevcut koordinasyon ve i\u015fbirli\u011fi sonucunda Suriye&#8217;nin Rusya&#8217;ya g\u00fcvendi\u011fini belirtti<\/p>\n","protected":false},"excerpt":{"rendered":"<p>Muallim ter\u00f6rle m\u00fccadelesinde Suriye ve halk\u0131na yard\u0131m ve deste\u011finden dolay\u0131 Rusya ve di\u011fer dost devletlere te\u015fekk\u00fcrlerini ifade ederken Suriye ve Rusya aras\u0131nda mevcut koordinasyon ve i\u015fbirli\u011fi sonucunda Suriye&#8217;nin Rusya&#8217;ya g\u00fcvendi\u011fini belirtti<\/p>\n","protected":false},"author":1,"featured_media":0,"comment_status":"closed","ping_status":"closed","sticky":false,"template":"","format":"standard","meta":{"footnotes":""},"categories":[17991],"tags":[],"class_list":["post-60551","post","type-post","status-publish","format-standard","","category-son-dakika"],"_links":{"self":[{"href":"https:\/\/archive.sana.sy\/tr\/index.php?rest_route=\/wp\/v2\/posts\/60551","targetHints":{"allow":["GET"]}}],"collection":[{"href":"https:\/\/archive.sana.sy\/tr\/index.php?rest_route=\/wp\/v2\/posts"}],"about":[{"href":"https:\/\/archive.sana.sy\/tr\/index.php?rest_route=\/wp\/v2\/types\/post"}],"author":[{"embeddable":true,"href":"https:\/\/archive.sana.sy\/tr\/index.php?rest_route=\/wp\/v2\/users\/1"}],"replies":[{"embeddable":true,"href":"https:\/\/archive.sana.sy\/tr\/index.php?rest_route=%2Fwp%2Fv2%2Fcomments&post=60551"}],"version-history":[{"count":0,"href":"https:\/\/archive.sana.sy\/tr\/index.php?rest_route=\/wp\/v2\/posts\/60551\/revisions"}],"wp:attachment":[{"href":"https:\/\/archive.sana.sy\/tr\/index.php?rest_route=%2Fwp%2Fv2%2Fmedia&parent=60551"}],"wp:term":[{"taxonomy":"category","embeddable":true,"href":"https:\/\/archive.sana.sy\/tr\/index.php?rest_route=%2Fwp%2Fv2%2Fcategories&post=60551"},{"taxonomy":"post_tag","embeddable":true,"href":"https:\/\/archive.sana.sy\/tr\/index.php?rest_route=%2Fwp%2Fv2%2Ftags&post=60551"}],"curies":[{"name":"wp","href":"https:\/\/api.w.org\/{rel}","templated":true}]}}