{"id":60553,"date":"2016-02-06T15:25:21","date_gmt":"2016-02-06T13:25:21","guid":{"rendered":"http:\/\/www.sana.sy\/tr\/?p=60553"},"modified":"2016-02-06T14:35:29","modified_gmt":"2016-02-06T12:35:29","slug":"rusya-disisleri-bakani-sergey-lavrovun-acik-ve-net-bir-aciklamada-bulunduguna-dikkat-ceken-muallim-lavrovun-turkiye-ve-urdun-ile-sinirlar-tamamen-kontrol-altina-alinmadan-suriyede-terore-karsi","status":"publish","type":"post","link":"https:\/\/archive.sana.sy\/tr\/?p=60553","title":{"rendered":"Rusya D\u0131\u015fi\u015fleri Bakan\u0131 Sergey Lavrov&#8217;un a\u00e7\u0131k ve net bir a\u00e7\u0131klamada bulundu\u011funa dikkat \u00e7eken Muallim; Lavrov&#8217;un, T\u00fcrkiye ve \u00dcrd\u00fcn ile s\u0131n\u0131rlar tamamen kontrol alt\u0131na al\u0131nmadan Suriye&#8217;de ter\u00f6re kar\u015f\u0131 operasyonlar\u0131n son bulmas\u0131 yada ate\u015fkesin olmas\u0131n\u0131n m\u00fcmk\u00fcn olmad\u0131\u011f\u0131n\u0131 vurgulad\u0131\u011f\u0131na dikkat \u00e7ekti."},"content":{"rendered":"<p>Rusya D\u0131\u015fi\u015fleri Bakan\u0131 Sergey Lavrov&#8217;un a\u00e7\u0131k ve net bir a\u00e7\u0131klamada bulundu\u011funa dikkat \u00e7eken Muallim; Lavrov&#8217;un, T\u00fcrkiye ve \u00dcrd\u00fcn ile s\u0131n\u0131rlar tamamen kontrol alt\u0131na al\u0131nmadan Suriye&#8217;de ter\u00f6re kar\u015f\u0131 operasyonlar\u0131n son bulmas\u0131 yada ate\u015fkesin olmas\u0131n\u0131n m\u00fcmk\u00fcn olmad\u0131\u011f\u0131n\u0131 vurgulad\u0131\u011f\u0131na dikkat \u00e7ekti.<\/p>\n","protected":false},"excerpt":{"rendered":"<p>Rusya D\u0131\u015fi\u015fleri Bakan\u0131 Sergey Lavrov&#8217;un a\u00e7\u0131k ve net bir a\u00e7\u0131klamada bulundu\u011funa dikkat \u00e7eken Muallim; Lavrov&#8217;un, T\u00fcrkiye ve \u00dcrd\u00fcn ile s\u0131n\u0131rlar tamamen kontrol alt\u0131na al\u0131nmadan Suriye&#8217;de ter\u00f6re kar\u015f\u0131 operasyonlar\u0131n son bulmas\u0131 yada ate\u015fkesin olmas\u0131n\u0131n m\u00fcmk\u00fcn olmad\u0131\u011f\u0131n\u0131 vurgulad\u0131\u011f\u0131na dikkat \u00e7ekti.<\/p>\n","protected":false},"author":1,"featured_media":0,"comment_status":"closed","ping_status":"closed","sticky":false,"template":"","format":"standard","meta":{"footnotes":""},"categories":[17991],"tags":[],"class_list":["post-60553","post","type-post","status-publish","format-standard","","category-son-dakika"],"_links":{"self":[{"href":"https:\/\/archive.sana.sy\/tr\/index.php?rest_route=\/wp\/v2\/posts\/60553","targetHints":{"allow":["GET"]}}],"collection":[{"href":"https:\/\/archive.sana.sy\/tr\/index.php?rest_route=\/wp\/v2\/posts"}],"about":[{"href":"https:\/\/archive.sana.sy\/tr\/index.php?rest_route=\/wp\/v2\/types\/post"}],"author":[{"embeddable":true,"href":"https:\/\/archive.sana.sy\/tr\/index.php?rest_route=\/wp\/v2\/users\/1"}],"replies":[{"embeddable":true,"href":"https:\/\/archive.sana.sy\/tr\/index.php?rest_route=%2Fwp%2Fv2%2Fcomments&post=60553"}],"version-history":[{"count":0,"href":"https:\/\/archive.sana.sy\/tr\/index.php?rest_route=\/wp\/v2\/posts\/60553\/revisions"}],"wp:attachment":[{"href":"https:\/\/archive.sana.sy\/tr\/index.php?rest_route=%2Fwp%2Fv2%2Fmedia&parent=60553"}],"wp:term":[{"taxonomy":"category","embeddable":true,"href":"https:\/\/archive.sana.sy\/tr\/index.php?rest_route=%2Fwp%2Fv2%2Fcategories&post=60553"},{"taxonomy":"post_tag","embeddable":true,"href":"https:\/\/archive.sana.sy\/tr\/index.php?rest_route=%2Fwp%2Fv2%2Ftags&post=60553"}],"curies":[{"name":"wp","href":"https:\/\/api.w.org\/{rel}","templated":true}]}}