{"id":60557,"date":"2016-02-06T15:28:10","date_gmt":"2016-02-06T13:28:10","guid":{"rendered":"http:\/\/www.sana.sy\/tr\/?p=60557"},"modified":"2016-02-06T14:38:51","modified_gmt":"2016-02-06T12:38:51","slug":"suudi-arabistan-rejimi-ile-isid-arasinda-kafa-kesme-ve-kirbaclama-dahil-bir-dizi-ortak-davranislarin-bulunduguna-dikkat-ceken-muallim-tum-bunlarin-radikal-vahhabi-ideolojisinin-kulturu-olmasina-ragme","status":"publish","type":"post","link":"https:\/\/archive.sana.sy\/tr\/?p=60557","title":{"rendered":"Suudi Arabistan rejimi ile I\u015e\u0130D aras\u0131nda kafa kesme ve k\u0131rba\u00e7lama dahil bir dizi ortak davran\u0131\u015flar\u0131n bulundu\u011funa dikkat \u00e7eken Muallim; t\u00fcm bunlar\u0131n radikal vahhabi ideolojisinin k\u00fclt\u00fcr\u00fc olmas\u0131na ra\u011fmen ABD\u2019nin Suudi rejimi ile ittifak\u0131na \u0131srar etti\u011fine vurgu yapt\u0131"},"content":{"rendered":"<p>Suudi Arabistan rejimi ile I\u015e\u0130D aras\u0131nda kafa kesme ve k\u0131rba\u00e7lama dahil bir dizi ortak davran\u0131\u015flar\u0131n bulundu\u011funa dikkat \u00e7eken Muallim; t\u00fcm bunlar\u0131n radikal vahhabi ideolojisinin k\u00fclt\u00fcr\u00fc olmas\u0131na ra\u011fmen ABD\u2019nin Suudi rejimi ile ittifak\u0131na \u0131srar etti\u011fine vurgu yapt\u0131<\/p>\n","protected":false},"excerpt":{"rendered":"<p>Suudi Arabistan rejimi ile I\u015e\u0130D aras\u0131nda kafa kesme ve k\u0131rba\u00e7lama dahil bir dizi ortak davran\u0131\u015flar\u0131n bulundu\u011funa dikkat \u00e7eken Muallim; t\u00fcm bunlar\u0131n radikal vahhabi ideolojisinin k\u00fclt\u00fcr\u00fc olmas\u0131na ra\u011fmen ABD\u2019nin Suudi rejimi ile ittifak\u0131na \u0131srar etti\u011fine vurgu yapt\u0131<\/p>\n","protected":false},"author":1,"featured_media":0,"comment_status":"closed","ping_status":"closed","sticky":false,"template":"","format":"standard","meta":{"footnotes":""},"categories":[17991],"tags":[],"class_list":["post-60557","post","type-post","status-publish","format-standard","","category-son-dakika"],"_links":{"self":[{"href":"https:\/\/archive.sana.sy\/tr\/index.php?rest_route=\/wp\/v2\/posts\/60557","targetHints":{"allow":["GET"]}}],"collection":[{"href":"https:\/\/archive.sana.sy\/tr\/index.php?rest_route=\/wp\/v2\/posts"}],"about":[{"href":"https:\/\/archive.sana.sy\/tr\/index.php?rest_route=\/wp\/v2\/types\/post"}],"author":[{"embeddable":true,"href":"https:\/\/archive.sana.sy\/tr\/index.php?rest_route=\/wp\/v2\/users\/1"}],"replies":[{"embeddable":true,"href":"https:\/\/archive.sana.sy\/tr\/index.php?rest_route=%2Fwp%2Fv2%2Fcomments&post=60557"}],"version-history":[{"count":0,"href":"https:\/\/archive.sana.sy\/tr\/index.php?rest_route=\/wp\/v2\/posts\/60557\/revisions"}],"wp:attachment":[{"href":"https:\/\/archive.sana.sy\/tr\/index.php?rest_route=%2Fwp%2Fv2%2Fmedia&parent=60557"}],"wp:term":[{"taxonomy":"category","embeddable":true,"href":"https:\/\/archive.sana.sy\/tr\/index.php?rest_route=%2Fwp%2Fv2%2Fcategories&post=60557"},{"taxonomy":"post_tag","embeddable":true,"href":"https:\/\/archive.sana.sy\/tr\/index.php?rest_route=%2Fwp%2Fv2%2Ftags&post=60557"}],"curies":[{"name":"wp","href":"https:\/\/api.w.org\/{rel}","templated":true}]}}