{"id":60564,"date":"2016-02-06T15:35:36","date_gmt":"2016-02-06T13:35:36","guid":{"rendered":"http:\/\/www.sana.sy\/tr\/?p=60564"},"modified":"2016-02-06T14:46:26","modified_gmt":"2016-02-06T12:46:26","slug":"teroristler-tarafindan-canli-bomba-olarak-kullanilan-siviller-dahil-hic-kimsenin-kesinlikle-ve-hicbir-sekilde-suriye-devletinden-daha-cok-suriyelilerin-yasamlarina-ve-cikarlarina-ozen-gosteremeyecegin","status":"publish","type":"post","link":"https:\/\/archive.sana.sy\/tr\/?p=60564","title":{"rendered":"Ter\u00f6ristler taraf\u0131ndan canl\u0131 bomba olarak kullan\u0131lan siviller dahil hi\u00e7 kimsenin kesinlikle ve hi\u00e7bir \u015fekilde Suriye devletinden daha \u00e7ok Suriyelilerin ya\u015famlar\u0131na ve \u00e7\u0131karlar\u0131na \u00f6zen g\u00f6steremeyece\u011finin alt\u0131n\u0131 \u00e7izen Muallim; fakat bunun ayr\u0131, Cenevre konferans\u0131n\u0131n da ayr\u0131 bir mesele oldu\u011funu belirtti. Muallim Suriye&#8217;nin, bulunduklar\u0131 her yerde Suriyelilere yard\u0131m etmeye haz\u0131r oldu\u011funu vurgulad\u0131"},"content":{"rendered":"<p>Ter\u00f6ristler taraf\u0131ndan canl\u0131 bomba olarak kullan\u0131lan siviller dahil hi\u00e7 kimsenin kesinlikle ve hi\u00e7bir \u015fekilde Suriye devletinden daha \u00e7ok Suriyelilerin ya\u015famlar\u0131na ve \u00e7\u0131karlar\u0131na \u00f6zen g\u00f6steremeyece\u011finin alt\u0131n\u0131 \u00e7izen Muallim; fakat bunun ayr\u0131, Cenevre konferans\u0131n\u0131n da ayr\u0131 bir mesele oldu\u011funu belirtti. Muallim Suriye&#8217;nin, bulunduklar\u0131 her yerde Suriyelilere yard\u0131m etmeye haz\u0131r oldu\u011funu vurgulad\u0131<\/p>\n","protected":false},"excerpt":{"rendered":"<p>Ter\u00f6ristler taraf\u0131ndan canl\u0131 bomba olarak kullan\u0131lan siviller dahil hi\u00e7 kimsenin kesinlikle ve hi\u00e7bir \u015fekilde Suriye devletinden daha \u00e7ok Suriyelilerin ya\u015famlar\u0131na ve \u00e7\u0131karlar\u0131na \u00f6zen g\u00f6steremeyece\u011finin alt\u0131n\u0131 \u00e7izen Muallim; fakat bunun ayr\u0131, Cenevre konferans\u0131n\u0131n da ayr\u0131 bir mesele oldu\u011funu belirtti. Muallim Suriye&#8217;nin, bulunduklar\u0131 her yerde Suriyelilere yard\u0131m etmeye haz\u0131r oldu\u011funu vurgulad\u0131<\/p>\n","protected":false},"author":1,"featured_media":0,"comment_status":"closed","ping_status":"closed","sticky":false,"template":"","format":"standard","meta":{"footnotes":""},"categories":[17991],"tags":[],"class_list":["post-60564","post","type-post","status-publish","format-standard","","category-son-dakika"],"_links":{"self":[{"href":"https:\/\/archive.sana.sy\/tr\/index.php?rest_route=\/wp\/v2\/posts\/60564","targetHints":{"allow":["GET"]}}],"collection":[{"href":"https:\/\/archive.sana.sy\/tr\/index.php?rest_route=\/wp\/v2\/posts"}],"about":[{"href":"https:\/\/archive.sana.sy\/tr\/index.php?rest_route=\/wp\/v2\/types\/post"}],"author":[{"embeddable":true,"href":"https:\/\/archive.sana.sy\/tr\/index.php?rest_route=\/wp\/v2\/users\/1"}],"replies":[{"embeddable":true,"href":"https:\/\/archive.sana.sy\/tr\/index.php?rest_route=%2Fwp%2Fv2%2Fcomments&post=60564"}],"version-history":[{"count":0,"href":"https:\/\/archive.sana.sy\/tr\/index.php?rest_route=\/wp\/v2\/posts\/60564\/revisions"}],"wp:attachment":[{"href":"https:\/\/archive.sana.sy\/tr\/index.php?rest_route=%2Fwp%2Fv2%2Fmedia&parent=60564"}],"wp:term":[{"taxonomy":"category","embeddable":true,"href":"https:\/\/archive.sana.sy\/tr\/index.php?rest_route=%2Fwp%2Fv2%2Fcategories&post=60564"},{"taxonomy":"post_tag","embeddable":true,"href":"https:\/\/archive.sana.sy\/tr\/index.php?rest_route=%2Fwp%2Fv2%2Ftags&post=60564"}],"curies":[{"name":"wp","href":"https:\/\/api.w.org\/{rel}","templated":true}]}}