{"id":60567,"date":"2016-02-06T15:38:11","date_gmt":"2016-02-06T13:38:11","guid":{"rendered":"http:\/\/www.sana.sy\/tr\/?p=60567"},"modified":"2016-02-06T14:48:57","modified_gmt":"2016-02-06T12:48:57","slug":"suriyenin-cenevre-gorusmelerinde-muhalefetin-kurtler-dahil-mumkun-oldugunca-genis-capli-bir-sekilde-temsil-edilmesini-istedigini-vurgulayan-muallim-cunku-suriyenin-hayata-gecirilmesi-mumkun-olan","status":"publish","type":"post","link":"https:\/\/archive.sana.sy\/tr\/?p=60567","title":{"rendered":"Suriye&#8217;nin Cenevre g\u00f6r\u00fc\u015fmelerinde muhalefetin K\u00fcrtler dahil m\u00fcmk\u00fcn oldu\u011funca geni\u015f \u00e7apl\u0131 bir \u015fekilde temsil edilmesini istedi\u011fini vurgulayan Muallim; \u00e7\u00fcnk\u00fc Suriye&#8217;nin hayata ge\u00e7irilmesi m\u00fcmk\u00fcn olan kapsaml\u0131 siyasi bir \u00e7\u00f6z\u00fcm aray\u0131\u015f\u0131nda oldu\u011funun alt\u0131n\u0131 \u00e7izdi"},"content":{"rendered":"<p>Suriye&#8217;nin Cenevre g\u00f6r\u00fc\u015fmelerinde muhalefetin K\u00fcrtler dahil m\u00fcmk\u00fcn oldu\u011funca geni\u015f \u00e7apl\u0131 bir \u015fekilde temsil edilmesini istedi\u011fini vurgulayan Muallim; \u00e7\u00fcnk\u00fc Suriye&#8217;nin hayata ge\u00e7irilmesi m\u00fcmk\u00fcn olan kapsaml\u0131 siyasi bir \u00e7\u00f6z\u00fcm aray\u0131\u015f\u0131nda oldu\u011funun alt\u0131n\u0131 \u00e7izdi<\/p>\n","protected":false},"excerpt":{"rendered":"<p>Suriye&#8217;nin Cenevre g\u00f6r\u00fc\u015fmelerinde muhalefetin K\u00fcrtler dahil m\u00fcmk\u00fcn oldu\u011funca geni\u015f \u00e7apl\u0131 bir \u015fekilde temsil edilmesini istedi\u011fini vurgulayan Muallim; \u00e7\u00fcnk\u00fc Suriye&#8217;nin hayata ge\u00e7irilmesi m\u00fcmk\u00fcn olan kapsaml\u0131 siyasi bir \u00e7\u00f6z\u00fcm aray\u0131\u015f\u0131nda oldu\u011funun alt\u0131n\u0131 \u00e7izdi<\/p>\n","protected":false},"author":1,"featured_media":0,"comment_status":"closed","ping_status":"closed","sticky":false,"template":"","format":"standard","meta":{"footnotes":""},"categories":[17991],"tags":[],"class_list":["post-60567","post","type-post","status-publish","format-standard","","category-son-dakika"],"_links":{"self":[{"href":"https:\/\/archive.sana.sy\/tr\/index.php?rest_route=\/wp\/v2\/posts\/60567","targetHints":{"allow":["GET"]}}],"collection":[{"href":"https:\/\/archive.sana.sy\/tr\/index.php?rest_route=\/wp\/v2\/posts"}],"about":[{"href":"https:\/\/archive.sana.sy\/tr\/index.php?rest_route=\/wp\/v2\/types\/post"}],"author":[{"embeddable":true,"href":"https:\/\/archive.sana.sy\/tr\/index.php?rest_route=\/wp\/v2\/users\/1"}],"replies":[{"embeddable":true,"href":"https:\/\/archive.sana.sy\/tr\/index.php?rest_route=%2Fwp%2Fv2%2Fcomments&post=60567"}],"version-history":[{"count":0,"href":"https:\/\/archive.sana.sy\/tr\/index.php?rest_route=\/wp\/v2\/posts\/60567\/revisions"}],"wp:attachment":[{"href":"https:\/\/archive.sana.sy\/tr\/index.php?rest_route=%2Fwp%2Fv2%2Fmedia&parent=60567"}],"wp:term":[{"taxonomy":"category","embeddable":true,"href":"https:\/\/archive.sana.sy\/tr\/index.php?rest_route=%2Fwp%2Fv2%2Fcategories&post=60567"},{"taxonomy":"post_tag","embeddable":true,"href":"https:\/\/archive.sana.sy\/tr\/index.php?rest_route=%2Fwp%2Fv2%2Ftags&post=60567"}],"curies":[{"name":"wp","href":"https:\/\/api.w.org\/{rel}","templated":true}]}}