{"id":60573,"date":"2016-02-06T15:42:12","date_gmt":"2016-02-06T13:42:12","guid":{"rendered":"http:\/\/www.sana.sy\/tr\/?p=60573"},"modified":"2016-02-06T14:55:24","modified_gmt":"2016-02-06T12:55:24","slug":"suriye-devleti-ve-halkina-karsi-silah-tasiyanlara-seslenen-muallim-suriye-ordusunun-herhangi-bir-bolgeyi-terorden-temizleme-ve-kurtarma-karari-aldiginda-bunu-basariyla-yaptiginin-herkes-tarafindan-go","status":"publish","type":"post","link":"https:\/\/archive.sana.sy\/tr\/?p=60573","title":{"rendered":"Suriye devleti ve halk\u0131na kar\u015f\u0131 silah ta\u015f\u0131yanlara seslenen Muallim; Suriye ordusunun herhangi bir b\u00f6lgeyi ter\u00f6rden temizleme ve kurtarma karar\u0131 ald\u0131\u011f\u0131nda bunu ba\u015far\u0131yla yapt\u0131\u011f\u0131n\u0131n herkes taraf\u0131ndan g\u00f6r\u00fcld\u00fc\u011f\u00fcn\u00fc belirtti. Muallim Suriyeli silahl\u0131lar\u0131n silahlar\u0131n\u0131 b\u0131rakma, ak\u0131llar\u0131na ve vatan kuca\u011f\u0131na d\u00f6nmelerinin zaman\u0131 geldi\u011fini ifade ederken; \u201cefendileriniz bile sizlerden vazge\u00e7meye ba\u015flad\u0131lar, \u00e7\u00fcnk\u00fc onlar sizlerin \u00f6lmenizi istiyorlar. Evlatlar\u0131 olman\u0131zla Suriye devleti sizi kucaklamaya haz\u0131rd\u0131r..\u201d ifadesini kulland\u0131"},"content":{"rendered":"<p>Suriye devleti ve halk\u0131na kar\u015f\u0131 silah ta\u015f\u0131yanlara seslenen Muallim; Suriye ordusunun herhangi bir b\u00f6lgeyi ter\u00f6rden temizleme ve kurtarma karar\u0131 ald\u0131\u011f\u0131nda bunu ba\u015far\u0131yla yapt\u0131\u011f\u0131n\u0131n herkes taraf\u0131ndan g\u00f6r\u00fcld\u00fc\u011f\u00fcn\u00fc belirtti. Muallim Suriyeli silahl\u0131lar\u0131n silahlar\u0131n\u0131 b\u0131rakma, ak\u0131llar\u0131na ve vatan kuca\u011f\u0131na d\u00f6nmelerinin zaman\u0131 geldi\u011fini ifade ederken; \u201cefendileriniz bile sizlerden vazge\u00e7meye ba\u015flad\u0131lar, \u00e7\u00fcnk\u00fc onlar sizlerin \u00f6lmenizi istiyorlar. Evlatlar\u0131 olman\u0131zla Suriye devleti sizi kucaklamaya haz\u0131rd\u0131r..\u201d ifadesini kulland\u0131<\/p>\n","protected":false},"excerpt":{"rendered":"<p>Suriye devleti ve halk\u0131na kar\u015f\u0131 silah ta\u015f\u0131yanlara seslenen Muallim; Suriye ordusunun herhangi bir b\u00f6lgeyi ter\u00f6rden temizleme ve kurtarma karar\u0131 ald\u0131\u011f\u0131nda bunu ba\u015far\u0131yla yapt\u0131\u011f\u0131n\u0131n herkes taraf\u0131ndan g\u00f6r\u00fcld\u00fc\u011f\u00fcn\u00fc belirtti. Muallim Suriyeli silahl\u0131lar\u0131n silahlar\u0131n\u0131 b\u0131rakma, ak\u0131llar\u0131na ve vatan kuca\u011f\u0131na d\u00f6nmelerinin zaman\u0131 geldi\u011fini ifade ederken; \u201cefendileriniz bile sizlerden vazge\u00e7meye ba\u015flad\u0131lar, \u00e7\u00fcnk\u00fc onlar sizlerin \u00f6lmenizi istiyorlar. Evlatlar\u0131 olman\u0131zla Suriye devleti &hellip;<\/p>\n","protected":false},"author":1,"featured_media":0,"comment_status":"closed","ping_status":"closed","sticky":false,"template":"","format":"standard","meta":{"footnotes":""},"categories":[17991],"tags":[],"class_list":["post-60573","post","type-post","status-publish","format-standard","","category-son-dakika"],"_links":{"self":[{"href":"https:\/\/archive.sana.sy\/tr\/index.php?rest_route=\/wp\/v2\/posts\/60573","targetHints":{"allow":["GET"]}}],"collection":[{"href":"https:\/\/archive.sana.sy\/tr\/index.php?rest_route=\/wp\/v2\/posts"}],"about":[{"href":"https:\/\/archive.sana.sy\/tr\/index.php?rest_route=\/wp\/v2\/types\/post"}],"author":[{"embeddable":true,"href":"https:\/\/archive.sana.sy\/tr\/index.php?rest_route=\/wp\/v2\/users\/1"}],"replies":[{"embeddable":true,"href":"https:\/\/archive.sana.sy\/tr\/index.php?rest_route=%2Fwp%2Fv2%2Fcomments&post=60573"}],"version-history":[{"count":0,"href":"https:\/\/archive.sana.sy\/tr\/index.php?rest_route=\/wp\/v2\/posts\/60573\/revisions"}],"wp:attachment":[{"href":"https:\/\/archive.sana.sy\/tr\/index.php?rest_route=%2Fwp%2Fv2%2Fmedia&parent=60573"}],"wp:term":[{"taxonomy":"category","embeddable":true,"href":"https:\/\/archive.sana.sy\/tr\/index.php?rest_route=%2Fwp%2Fv2%2Fcategories&post=60573"},{"taxonomy":"post_tag","embeddable":true,"href":"https:\/\/archive.sana.sy\/tr\/index.php?rest_route=%2Fwp%2Fv2%2Ftags&post=60573"}],"curies":[{"name":"wp","href":"https:\/\/api.w.org\/{rel}","templated":true}]}}