{"id":60579,"date":"2016-02-06T15:16:16","date_gmt":"2016-02-06T13:16:16","guid":{"rendered":"http:\/\/www.sana.sy\/tr\/?p=60579"},"modified":"2016-02-08T15:52:47","modified_gmt":"2016-02-08T13:52:47","slug":"kara-gucleri-gonderme-cesaretine-sahip-degildir","status":"publish","type":"post","link":"https:\/\/archive.sana.sy\/tr\/?p=60579","title":{"rendered":"Kara G\u00fc\u00e7leri G\u00f6nderme Cesaretine Sahip De\u011fildir"},"content":{"rendered":"<p>TAHRAN \u2013 \u0130ran \u0130slam Muhaf\u0131zlar\u0131 Genel Komutan\u0131 T\u00fcmgeneral Muhammed Ali Caferi; Suudi Arabistan rejiminin Suriye&#8217;ye kara g\u00fc\u00e7leri g\u00f6nderme cesaretine sahip olmad\u0131\u011f\u0131n\u0131 belirtirken, g\u00f6ndermesi halinde kendisine s\u0131k\u0131lan rahmet kur\u015funu niteli\u011finde olaca\u011f\u0131n\u0131 ifade etti.<\/p>\n<p>Suriye&#8217;de Suriye ordusuna askeri isti\u015fareler takdim ettikleri s\u0131rada \u015fehit d\u00fc\u015fen Devrim Muhaf\u0131zlar\u0131nda Tu\u011fgeneral Kacaryan ve be\u015f ki\u015finin daha son yolculuklar\u0131na u\u011furlanma merasiminde konu\u015fan Tu\u011fgeneral Caferi; Suriye&#8217;yi savunman\u0131n direni\u015f cephesini savunmak oldu\u011funu belirtti. Caferi Suriye ordusunun ter\u00f6re kar\u015f\u0131 zaferlerinin, Suriye&#8217;de faaliyet g\u00f6steren ter\u00f6r \u00f6rg\u00fctlerinin efendilerinin t\u00fcm hesaplar\u0131n\u0131 alt\u00fcst etti\u011fini ifade etti.<\/p>\n","protected":false},"excerpt":{"rendered":"<p>TAHRAN \u2013 \u0130ran \u0130slam Muhaf\u0131zlar\u0131 Genel Komutan\u0131 T\u00fcmgeneral Muhammed Ali Caferi; Suudi Arabistan rejiminin Suriye&#8217;ye kara g\u00fc\u00e7leri g\u00f6nderme cesaretine sahip olmad\u0131\u011f\u0131n\u0131 belirtirken, g\u00f6ndermesi halinde kendisine s\u0131k\u0131lan rahmet kur\u015funu niteli\u011finde olaca\u011f\u0131n\u0131 ifade etti. Suriye&#8217;de Suriye ordusuna askeri isti\u015fareler takdim ettikleri s\u0131rada \u015fehit d\u00fc\u015fen Devrim Muhaf\u0131zlar\u0131nda Tu\u011fgeneral Kacaryan ve be\u015f ki\u015finin daha son yolculuklar\u0131na u\u011furlanma merasiminde konu\u015fan &hellip;<\/p>\n","protected":false},"author":1,"featured_media":60580,"comment_status":"closed","ping_status":"closed","sticky":false,"template":"","format":"standard","meta":{"footnotes":""},"categories":[458,459,17988],"tags":[19044],"class_list":["post-60579","post","type-post","status-publish","format-standard","has-post-thumbnail","","category-dunya1","category-haberler-arap-uluslararasi-politika","category-son-haberler","tag-kara-gucleri-gonderme-cesaretine-sahip-degildir"],"_links":{"self":[{"href":"https:\/\/archive.sana.sy\/tr\/index.php?rest_route=\/wp\/v2\/posts\/60579","targetHints":{"allow":["GET"]}}],"collection":[{"href":"https:\/\/archive.sana.sy\/tr\/index.php?rest_route=\/wp\/v2\/posts"}],"about":[{"href":"https:\/\/archive.sana.sy\/tr\/index.php?rest_route=\/wp\/v2\/types\/post"}],"author":[{"embeddable":true,"href":"https:\/\/archive.sana.sy\/tr\/index.php?rest_route=\/wp\/v2\/users\/1"}],"replies":[{"embeddable":true,"href":"https:\/\/archive.sana.sy\/tr\/index.php?rest_route=%2Fwp%2Fv2%2Fcomments&post=60579"}],"version-history":[{"count":0,"href":"https:\/\/archive.sana.sy\/tr\/index.php?rest_route=\/wp\/v2\/posts\/60579\/revisions"}],"wp:featuredmedia":[{"embeddable":true,"href":"https:\/\/archive.sana.sy\/tr\/index.php?rest_route=\/wp\/v2\/media\/60580"}],"wp:attachment":[{"href":"https:\/\/archive.sana.sy\/tr\/index.php?rest_route=%2Fwp%2Fv2%2Fmedia&parent=60579"}],"wp:term":[{"taxonomy":"category","embeddable":true,"href":"https:\/\/archive.sana.sy\/tr\/index.php?rest_route=%2Fwp%2Fv2%2Fcategories&post=60579"},{"taxonomy":"post_tag","embeddable":true,"href":"https:\/\/archive.sana.sy\/tr\/index.php?rest_route=%2Fwp%2Fv2%2Ftags&post=60579"}],"curies":[{"name":"wp","href":"https:\/\/api.w.org\/{rel}","templated":true}]}}