{"id":60602,"date":"2016-02-06T16:15:35","date_gmt":"2016-02-06T14:15:35","guid":{"rendered":"http:\/\/www.sana.sy\/tr\/?p=60602"},"modified":"2016-02-07T12:17:48","modified_gmt":"2016-02-07T10:17:48","slug":"israil-destekli-teroristler-yine-savunmasiz-sivillere-saldirdi","status":"publish","type":"post","link":"https:\/\/archive.sana.sy\/tr\/?p=60602","title":{"rendered":"\u0130srail Destekli Ter\u00f6ristler Yine Savunmas\u0131z Sivillere Sald\u0131rd\u0131"},"content":{"rendered":"<p>DERA \u2013 Dera\u2019da a\u011f\u0131r kay\u0131plar\u0131n\u0131 hazmedemeyen \u0130srail destekli tekfirci ve hain ter\u00f6ristler bug\u00fcn yine sivil b\u00f6lgelere geli\u015fig\u00fczel sald\u0131r\u0131larda bulundu.<\/p>\n<p>Suriye K\u0131z\u0131lay \u00d6rg\u00fct\u00fcnde t\u0131bbi bir kaynak; ter\u00f6ristlerin Dera Kentinin sivil yerle\u015fim semtlerine geli\u015fig\u00fczel f\u00fcze sald\u0131r\u0131lar\u0131nda bulunmalar\u0131 sonucunda yaralanan 3 vatanda\u015f\u0131n \u00f6rg\u00fcte tabi t\u0131bbi noktalara kald\u0131r\u0131ld\u0131klar\u0131n\u0131 ifade etti.<\/p>\n<p>Dera Valili\u011finde bir kaynak ise SANA\u2019ya a\u00e7\u0131klamas\u0131nda Nazihin yerle\u015fim kamp\u0131 ve Nuayme Beldesinde konu\u015flanan ter\u00f6ristlerin \u00f6\u011flen saatlerinde Dera Kentinin muhtelif yerle\u015fim semtlerini f\u00fcze ve roketlerle hedef ald\u0131klar\u0131n\u0131 belirtti. Kaynak geli\u015fig\u00fczel hain sald\u0131r\u0131larda bir k\u0131s\u0131m vatanda\u015flar\u0131n yaraland\u0131\u011f\u0131n\u0131, ev ve i\u015fyerlerinin de maddi hasar g\u00f6rd\u00fc\u011f\u00fcn\u00fc s\u00f6zlerine ekledi.<\/p>\n<p>\u0130srail destekli ter\u00f6ristlerin ge\u00e7en \u00c7ar\u015famba g\u00fcn\u00fc Dera Kentinin yerle\u015fim semtlerini yine geli\u015fig\u00fczel sald\u0131r\u0131larla hedef almalar\u0131 sonucunda aralar\u0131nda \u00e7ocuk ve kad\u0131nlar\u0131n bulundu\u011fu 17 vatanda\u015f \u015fehit, 101 vatanda\u015f da yaral\u0131 d\u00fc\u015fm\u00fc\u015ft\u00fc.<\/p>\n","protected":false},"excerpt":{"rendered":"<p>DERA \u2013 Dera\u2019da a\u011f\u0131r kay\u0131plar\u0131n\u0131 hazmedemeyen \u0130srail destekli tekfirci ve hain ter\u00f6ristler bug\u00fcn yine sivil b\u00f6lgelere geli\u015fig\u00fczel sald\u0131r\u0131larda bulundu. Suriye K\u0131z\u0131lay \u00d6rg\u00fct\u00fcnde t\u0131bbi bir kaynak; ter\u00f6ristlerin Dera Kentinin sivil yerle\u015fim semtlerine geli\u015fig\u00fczel f\u00fcze sald\u0131r\u0131lar\u0131nda bulunmalar\u0131 sonucunda yaralanan 3 vatanda\u015f\u0131n \u00f6rg\u00fcte tabi t\u0131bbi noktalara kald\u0131r\u0131ld\u0131klar\u0131n\u0131 ifade etti. Dera Valili\u011finde bir kaynak ise SANA\u2019ya a\u00e7\u0131klamas\u0131nda Nazihin yerle\u015fim &hellip;<\/p>\n","protected":false},"author":1,"featured_media":60604,"comment_status":"closed","ping_status":"closed","sticky":false,"template":"","format":"standard","meta":{"footnotes":""},"categories":[575,17988],"tags":[19048],"class_list":["post-60602","post","type-post","status-publish","format-standard","has-post-thumbnail","","category-olaylar-ve-gercekler","category-son-haberler","tag-israil-destekli-teroristler-yine-savunmasiz-sivillere-saldirdi"],"_links":{"self":[{"href":"https:\/\/archive.sana.sy\/tr\/index.php?rest_route=\/wp\/v2\/posts\/60602","targetHints":{"allow":["GET"]}}],"collection":[{"href":"https:\/\/archive.sana.sy\/tr\/index.php?rest_route=\/wp\/v2\/posts"}],"about":[{"href":"https:\/\/archive.sana.sy\/tr\/index.php?rest_route=\/wp\/v2\/types\/post"}],"author":[{"embeddable":true,"href":"https:\/\/archive.sana.sy\/tr\/index.php?rest_route=\/wp\/v2\/users\/1"}],"replies":[{"embeddable":true,"href":"https:\/\/archive.sana.sy\/tr\/index.php?rest_route=%2Fwp%2Fv2%2Fcomments&post=60602"}],"version-history":[{"count":0,"href":"https:\/\/archive.sana.sy\/tr\/index.php?rest_route=\/wp\/v2\/posts\/60602\/revisions"}],"wp:featuredmedia":[{"embeddable":true,"href":"https:\/\/archive.sana.sy\/tr\/index.php?rest_route=\/wp\/v2\/media\/60604"}],"wp:attachment":[{"href":"https:\/\/archive.sana.sy\/tr\/index.php?rest_route=%2Fwp%2Fv2%2Fmedia&parent=60602"}],"wp:term":[{"taxonomy":"category","embeddable":true,"href":"https:\/\/archive.sana.sy\/tr\/index.php?rest_route=%2Fwp%2Fv2%2Fcategories&post=60602"},{"taxonomy":"post_tag","embeddable":true,"href":"https:\/\/archive.sana.sy\/tr\/index.php?rest_route=%2Fwp%2Fv2%2Ftags&post=60602"}],"curies":[{"name":"wp","href":"https:\/\/api.w.org\/{rel}","templated":true}]}}