{"id":60606,"date":"2016-02-06T15:00:14","date_gmt":"2016-02-06T13:00:14","guid":{"rendered":"http:\/\/www.sana.sy\/tr\/?p=60606"},"modified":"2016-02-08T15:56:24","modified_gmt":"2016-02-08T13:56:24","slug":"halk-direnis-gucleri-11-teroristi-oldurdu","status":"publish","type":"post","link":"https:\/\/archive.sana.sy\/tr\/?p=60606","title":{"rendered":"Halk Direni\u015f G\u00fc\u00e7leri 11 Ter\u00f6risti \u00d6ld\u00fcrd\u00fc"},"content":{"rendered":"<p>DEYREZZOR \u2013 Deyrezzor k\u0131rsal\u0131n\u0131n do\u011fusunda yerel kaynaklar SANA\u2019ya a\u00e7\u0131klamalar\u0131nda; halk direni\u015f g\u00fc\u00e7lerinin Deyrezzor Kentinin 20 km do\u011fusuna d\u00fc\u015fen Almuhasan Kentinde I\u015e\u0130D tekfircileriyle \u00e7at\u0131\u015fmaya girip 11 ter\u00f6risti \u00f6ld\u00fcrd\u00fcklerini belirtti.<\/p>\n<p>Kaynaklar \u00f6ld\u00fcr\u00fclen ter\u00f6ristler aras\u0131nda tekfirci ter\u00f6r \u00f6rg\u00fct\u00fcn\u00fcn s\u00f6zde g\u00fcvenlik komutan\u0131 Halef el Hammad\u2019\u0131n yan\u0131 s\u0131ra \u2018Ebu Ladin\u2019 lakab\u0131yla bilinen Abd\u00fclkerim el H\u0131z\u0131r ve daha ba\u015fka bir k\u0131s\u0131m tehlikeli isimlerin bulundu\u011funu aktard\u0131.<\/p>\n<p>Di\u011fer yandan I\u015e\u0130D\u2019ye yak\u0131n medya ara\u00e7lar\u0131; Deyrezzor k\u0131rsal\u0131n\u0131n do\u011fusunda ara\u00e7lar\u0131n\u0131n imha edilmesiyle tekfirci \u00f6rg\u00fct\u00fcn bariz komutanlar\u0131ndan biri olarak nitelendirdi\u011fi Mahmut el Matar\u2019\u0131n aralar\u0131nda bulundu\u011fu 6 ter\u00f6r komutan\u0131n\u0131n \u00f6ld\u00fc\u011f\u00fcn\u00fc belirtti. Medya ara\u00e7lar\u0131nda ter\u00f6r eleba\u015f\u0131 Matar\u2019\u0131n, 2014 y\u0131l\u0131nda \u015euaytat A\u015firetine kar\u015f\u0131 uygulanan ve y\u00fczlerce vatanda\u015f\u0131n kurban gitmesine yol a\u00e7an katliamlar\u0131n bariz faillerinden biri oldu\u011funa dikkat \u00e7ekildi.<\/p>\n","protected":false},"excerpt":{"rendered":"<p>DEYREZZOR \u2013 Deyrezzor k\u0131rsal\u0131n\u0131n do\u011fusunda yerel kaynaklar SANA\u2019ya a\u00e7\u0131klamalar\u0131nda; halk direni\u015f g\u00fc\u00e7lerinin Deyrezzor Kentinin 20 km do\u011fusuna d\u00fc\u015fen Almuhasan Kentinde I\u015e\u0130D tekfircileriyle \u00e7at\u0131\u015fmaya girip 11 ter\u00f6risti \u00f6ld\u00fcrd\u00fcklerini belirtti. Kaynaklar \u00f6ld\u00fcr\u00fclen ter\u00f6ristler aras\u0131nda tekfirci ter\u00f6r \u00f6rg\u00fct\u00fcn\u00fcn s\u00f6zde g\u00fcvenlik komutan\u0131 Halef el Hammad\u2019\u0131n yan\u0131 s\u0131ra \u2018Ebu Ladin\u2019 lakab\u0131yla bilinen Abd\u00fclkerim el H\u0131z\u0131r ve daha ba\u015fka bir k\u0131s\u0131m &hellip;<\/p>\n","protected":false},"author":1,"featured_media":60607,"comment_status":"closed","ping_status":"closed","sticky":false,"template":"","format":"standard","meta":{"footnotes":""},"categories":[575,17988],"tags":[19049],"class_list":["post-60606","post","type-post","status-publish","format-standard","has-post-thumbnail","","category-olaylar-ve-gercekler","category-son-haberler","tag-halk-direnis-gucleri-11-teroristi-oldurdu"],"_links":{"self":[{"href":"https:\/\/archive.sana.sy\/tr\/index.php?rest_route=\/wp\/v2\/posts\/60606","targetHints":{"allow":["GET"]}}],"collection":[{"href":"https:\/\/archive.sana.sy\/tr\/index.php?rest_route=\/wp\/v2\/posts"}],"about":[{"href":"https:\/\/archive.sana.sy\/tr\/index.php?rest_route=\/wp\/v2\/types\/post"}],"author":[{"embeddable":true,"href":"https:\/\/archive.sana.sy\/tr\/index.php?rest_route=\/wp\/v2\/users\/1"}],"replies":[{"embeddable":true,"href":"https:\/\/archive.sana.sy\/tr\/index.php?rest_route=%2Fwp%2Fv2%2Fcomments&post=60606"}],"version-history":[{"count":0,"href":"https:\/\/archive.sana.sy\/tr\/index.php?rest_route=\/wp\/v2\/posts\/60606\/revisions"}],"wp:featuredmedia":[{"embeddable":true,"href":"https:\/\/archive.sana.sy\/tr\/index.php?rest_route=\/wp\/v2\/media\/60607"}],"wp:attachment":[{"href":"https:\/\/archive.sana.sy\/tr\/index.php?rest_route=%2Fwp%2Fv2%2Fmedia&parent=60606"}],"wp:term":[{"taxonomy":"category","embeddable":true,"href":"https:\/\/archive.sana.sy\/tr\/index.php?rest_route=%2Fwp%2Fv2%2Fcategories&post=60606"},{"taxonomy":"post_tag","embeddable":true,"href":"https:\/\/archive.sana.sy\/tr\/index.php?rest_route=%2Fwp%2Fv2%2Ftags&post=60606"}],"curies":[{"name":"wp","href":"https:\/\/api.w.org\/{rel}","templated":true}]}}