{"id":60610,"date":"2016-02-06T16:42:36","date_gmt":"2016-02-06T14:42:36","guid":{"rendered":"http:\/\/www.sana.sy\/tr\/?p=60610"},"modified":"2016-02-06T16:35:37","modified_gmt":"2016-02-06T14:35:37","slug":"etman-beldesini-israil-destekli-nusra-cephesi-ve-muttefikleri-olan-diger-teror-orgutlerinden-temizleyen-ordu-birliklerimizle-bir-araya-gelen-korgeneral-freyc-el-esadin-iyi-dileklerini-iletir","status":"publish","type":"post","link":"https:\/\/archive.sana.sy\/tr\/?p=60610","title":{"rendered":"Etman Beldesini \u0130srail destekli Nusra Cephesi ve m\u00fcttefikleri olan di\u011fer ter\u00f6r \u00f6rg\u00fctlerinden temizleyen ordu birliklerimizle bir araya gelen Korgeneral Freyc; el Esad\u2019\u0131n iyi dileklerini iletirken operasyonlar\u0131n seyri hakk\u0131nda bilgi ald\u0131"},"content":{"rendered":"<p>Etman Beldesini \u0130srail destekli Nusra Cephesi ve m\u00fcttefikleri olan di\u011fer ter\u00f6r \u00f6rg\u00fctlerinden temizleyen ordu birliklerimizle bir araya gelen Korgeneral Freyc; el Esad\u2019\u0131n iyi dileklerini iletirken operasyonlar\u0131n seyri hakk\u0131nda bilgi ald\u0131<\/p>\n","protected":false},"excerpt":{"rendered":"<p>Etman Beldesini \u0130srail destekli Nusra Cephesi ve m\u00fcttefikleri olan di\u011fer ter\u00f6r \u00f6rg\u00fctlerinden temizleyen ordu birliklerimizle bir araya gelen Korgeneral Freyc; el Esad\u2019\u0131n iyi dileklerini iletirken operasyonlar\u0131n seyri hakk\u0131nda bilgi ald\u0131<\/p>\n","protected":false},"author":1,"featured_media":0,"comment_status":"closed","ping_status":"closed","sticky":false,"template":"","format":"standard","meta":{"footnotes":""},"categories":[17991],"tags":[],"class_list":["post-60610","post","type-post","status-publish","format-standard","","category-son-dakika"],"_links":{"self":[{"href":"https:\/\/archive.sana.sy\/tr\/index.php?rest_route=\/wp\/v2\/posts\/60610","targetHints":{"allow":["GET"]}}],"collection":[{"href":"https:\/\/archive.sana.sy\/tr\/index.php?rest_route=\/wp\/v2\/posts"}],"about":[{"href":"https:\/\/archive.sana.sy\/tr\/index.php?rest_route=\/wp\/v2\/types\/post"}],"author":[{"embeddable":true,"href":"https:\/\/archive.sana.sy\/tr\/index.php?rest_route=\/wp\/v2\/users\/1"}],"replies":[{"embeddable":true,"href":"https:\/\/archive.sana.sy\/tr\/index.php?rest_route=%2Fwp%2Fv2%2Fcomments&post=60610"}],"version-history":[{"count":0,"href":"https:\/\/archive.sana.sy\/tr\/index.php?rest_route=\/wp\/v2\/posts\/60610\/revisions"}],"wp:attachment":[{"href":"https:\/\/archive.sana.sy\/tr\/index.php?rest_route=%2Fwp%2Fv2%2Fmedia&parent=60610"}],"wp:term":[{"taxonomy":"category","embeddable":true,"href":"https:\/\/archive.sana.sy\/tr\/index.php?rest_route=%2Fwp%2Fv2%2Fcategories&post=60610"},{"taxonomy":"post_tag","embeddable":true,"href":"https:\/\/archive.sana.sy\/tr\/index.php?rest_route=%2Fwp%2Fv2%2Ftags&post=60610"}],"curies":[{"name":"wp","href":"https:\/\/api.w.org\/{rel}","templated":true}]}}