{"id":60612,"date":"2016-02-06T16:50:15","date_gmt":"2016-02-06T14:50:15","guid":{"rendered":"http:\/\/www.sana.sy\/tr\/?p=60612"},"modified":"2016-02-06T16:38:30","modified_gmt":"2016-02-06T14:38:30","slug":"savunma-bakani-korgeneral-freyc-yabanci-guclerin-destek-ve-talimatlariyla-teror-estiren-orgutlere-karsi-operasyonlarinda-ordu-birliklerimize-gereken-talimat-ve-yonlendirmelerde-bulunurken-vatan-koruy","status":"publish","type":"post","link":"https:\/\/archive.sana.sy\/tr\/?p=60612","title":{"rendered":"Savunma Bakan\u0131 Korgeneral Freyc yabanc\u0131 g\u00fc\u00e7lerin destek ve talimatlar\u0131yla ter\u00f6r estiren \u00f6rg\u00fctlere kar\u015f\u0131 operasyonlar\u0131nda ordu birliklerimize gereken talimat ve y\u00f6nlendirmelerde bulunurken, vatan koruyucular\u0131m\u0131z\u0131n son g\u00fcnlerde ter\u00f6re kar\u015f\u0131 sa\u011flad\u0131\u011f\u0131 stratejik zaferlerin, direni\u015f ve m\u00fccadelede Suriye halk\u0131n\u0131n se\u00e7ene\u011fini somutla\u015ft\u0131rd\u0131\u011f\u0131n\u0131 ifade etti"},"content":{"rendered":"<p>Savunma Bakan\u0131 Korgeneral Freyc yabanc\u0131 g\u00fc\u00e7lerin destek ve talimatlar\u0131yla ter\u00f6r estiren \u00f6rg\u00fctlere kar\u015f\u0131 operasyonlar\u0131nda ordu birliklerimize gereken talimat ve y\u00f6nlendirmelerde bulunurken, vatan koruyucular\u0131m\u0131z\u0131n son g\u00fcnlerde ter\u00f6re kar\u015f\u0131 sa\u011flad\u0131\u011f\u0131 stratejik zaferlerin, direni\u015f ve m\u00fccadelede Suriye halk\u0131n\u0131n se\u00e7ene\u011fini somutla\u015ft\u0131rd\u0131\u011f\u0131n\u0131 ifade etti<\/p>\n","protected":false},"excerpt":{"rendered":"<p>Savunma Bakan\u0131 Korgeneral Freyc yabanc\u0131 g\u00fc\u00e7lerin destek ve talimatlar\u0131yla ter\u00f6r estiren \u00f6rg\u00fctlere kar\u015f\u0131 operasyonlar\u0131nda ordu birliklerimize gereken talimat ve y\u00f6nlendirmelerde bulunurken, vatan koruyucular\u0131m\u0131z\u0131n son g\u00fcnlerde ter\u00f6re kar\u015f\u0131 sa\u011flad\u0131\u011f\u0131 stratejik zaferlerin, direni\u015f ve m\u00fccadelede Suriye halk\u0131n\u0131n se\u00e7ene\u011fini somutla\u015ft\u0131rd\u0131\u011f\u0131n\u0131 ifade etti<\/p>\n","protected":false},"author":1,"featured_media":0,"comment_status":"closed","ping_status":"closed","sticky":false,"template":"","format":"standard","meta":{"footnotes":""},"categories":[17991],"tags":[],"class_list":["post-60612","post","type-post","status-publish","format-standard","","category-son-dakika"],"_links":{"self":[{"href":"https:\/\/archive.sana.sy\/tr\/index.php?rest_route=\/wp\/v2\/posts\/60612","targetHints":{"allow":["GET"]}}],"collection":[{"href":"https:\/\/archive.sana.sy\/tr\/index.php?rest_route=\/wp\/v2\/posts"}],"about":[{"href":"https:\/\/archive.sana.sy\/tr\/index.php?rest_route=\/wp\/v2\/types\/post"}],"author":[{"embeddable":true,"href":"https:\/\/archive.sana.sy\/tr\/index.php?rest_route=\/wp\/v2\/users\/1"}],"replies":[{"embeddable":true,"href":"https:\/\/archive.sana.sy\/tr\/index.php?rest_route=%2Fwp%2Fv2%2Fcomments&post=60612"}],"version-history":[{"count":0,"href":"https:\/\/archive.sana.sy\/tr\/index.php?rest_route=\/wp\/v2\/posts\/60612\/revisions"}],"wp:attachment":[{"href":"https:\/\/archive.sana.sy\/tr\/index.php?rest_route=%2Fwp%2Fv2%2Fmedia&parent=60612"}],"wp:term":[{"taxonomy":"category","embeddable":true,"href":"https:\/\/archive.sana.sy\/tr\/index.php?rest_route=%2Fwp%2Fv2%2Fcategories&post=60612"},{"taxonomy":"post_tag","embeddable":true,"href":"https:\/\/archive.sana.sy\/tr\/index.php?rest_route=%2Fwp%2Fv2%2Ftags&post=60612"}],"curies":[{"name":"wp","href":"https:\/\/api.w.org\/{rel}","templated":true}]}}