{"id":60615,"date":"2016-02-06T17:00:24","date_gmt":"2016-02-06T15:00:24","guid":{"rendered":"http:\/\/www.sana.sy\/tr\/?p=60615"},"modified":"2016-02-08T18:41:52","modified_gmt":"2016-02-08T16:41:52","slug":"teror-fedakarlik-ve-vatanseverlik-kalkani-karsisinda-kayip-vermeye-devam-ediyor-2","status":"publish","type":"post","link":"https:\/\/archive.sana.sy\/tr\/?p=60615","title":{"rendered":"Ter\u00f6r Fedakarl\u0131k ve Vatanseverlik Kalkan\u0131 Kar\u015f\u0131s\u0131nda Kay\u0131p Vermeye Devam Ediyor (video)"},"content":{"rendered":"<p>\u0130LLER \u2013 D\u00fcnyan\u0131n en dev g\u00fc\u00e7leri taraf\u0131ndan ald\u0131klar\u0131 destekle uluslararas\u0131 ya da insan ahlak\u0131na dair hi\u00e7bir ilkeyi tan\u0131madan sald\u0131r\u0131lar\u0131n\u0131 s\u00fcrd\u00fcrme \u00e7abas\u0131nda olan silahl\u0131 ter\u00f6r gruplar\u0131 kahraman birliklerimizin fedakarl\u0131k, vatanseverlik ve cesaret kalkanlar\u0131 kar\u015f\u0131s\u0131nda a\u011f\u0131r kay\u0131plar vermeye devam ediyorlar.<\/p>\n<p><span style=\"color: #0000ff\">DERA:<\/span><\/p>\n<p>SANA\u2019ya a\u00e7\u0131klama yapan askeri bir kaynak ordu birliklerimizin Dera k\u0131rsal\u0131nda \u0130srail destekli Nusra Cephesi ve m\u00fcttefikleri olan di\u011fer ter\u00f6r \u00e7etelere kar\u015f\u0131 operasyonlar\u0131 kapsam\u0131nda Tel el H\u0131z\u0131r ve Sayda Beldesi civarlar\u0131nda f\u00fcze bataryalar\u0131 ve havan rampalar\u0131n\u0131 \u00e7ok say\u0131da ter\u00f6ristle birlikte imha ettiklerini belirtti.<\/p>\n<p>Ordu birliklerimizin Dera k\u0131rsal\u0131nda S\u00fcveyda il idari s\u0131n\u0131rlar\u0131na yak\u0131n d\u00fc\u015fen Um Veled K\u00f6y\u00fcne yak\u0131n Tlul Hleyf B\u00f6lgesinde bir ter\u00f6r grubunun hareketlenmelerini hedef ald\u0131klar\u0131n\u0131 aktaran kaynak; tekfircileri say\u0131 ve te\u00e7hizatlar\u0131yla a\u011f\u0131r kay\u0131plara u\u011fratt\u0131klar\u0131n\u0131 s\u00f6yledi. Kaynak buna ek olarak Tafas Kentinin ve g\u00fcneyinde Nusra Cephesinin toplanma yerleri ve mevkilerini tamamen tahrip ettiklerini s\u00f6yledi.<\/p>\n<p>Kaynak Dera Beled ve Dera Mahatta b\u00f6lgelerinde de ter\u00f6r \u00f6rg\u00fctlere kar\u015f\u0131 nitelikli operasyonlar ger\u00e7ekle\u015ftiren ordu birliklerimizin; buralarda da \u00e7ok say\u0131da ter\u00f6risti \u00f6l\u00fc ve yaral\u0131 d\u00fc\u015f\u00fcr\u00fcp havzalar\u0131ndaki silah ve m\u00fchimmatlar\u0131n\u0131 yok ettiklerine dikkat \u00e7ekti.<\/p>\n<p>Bu arada ter\u00f6r \u00e7eteleri medya ara\u00e7lar\u0131nda aralar\u0131nda Halit Ebu Nuh gibi tehlikeli isimlerin bulundu\u011fu onlarca ter\u00f6ristin \u00f6ld\u00fcr\u00fcld\u00fc\u011f\u00fcn\u00fc itiraf etti.<\/p>\n<p><span style=\"color: #0000ff\">HALEP:<\/span><\/p>\n<p>\u00d6te yandan saha kaynaklar\u0131 SANA\u2019ya a\u00e7\u0131klamalar\u0131nda; ordu birliklerimizin Halep k\u0131rsal\u0131n\u0131n do\u011fusu Taybe ve Cub el Safa k\u00f6ylerinde ihvanc\u0131 Erdo\u011fan rejimine ba\u011fl\u0131 I\u015e\u0130D\u2019in komuta karargahlar\u0131n\u0131n yan\u0131 s\u0131ra a\u011f\u0131r makineli silahlarla donat\u0131lm\u0131\u015f ara\u00e7lar\u0131n\u0131 imha ettiklerini belirtti. Kaynak buna e\u015f zamanl\u0131 olarak Halep Kentinin yakla\u015f\u0131k 80 km kuzeybat\u0131s\u0131na d\u00fc\u015fen Menbic Kentinde yine bir\u00e7ok ter\u00f6ristin \u00f6l\u00fc ve yaral\u0131 d\u00fc\u015f\u00fcr\u00fcld\u00fcklerini aktard\u0131.<\/p>\n<p>Halep k\u0131rsal\u0131n\u0131n kuzeyinde de ordu birliklerimizin \u0130zaz Kentine tabi Suran K\u00f6y\u00fcne ilaveten il k\u0131rsal\u0131n\u0131n g\u00fcneydo\u011fusu Amiriye K\u00f6y\u00fcnde ter\u00f6ristlerin toplanma yerleri ve mevkilerini yo\u011fun ate\u015fe tutuklar\u0131n\u0131 belirten kaynaklar; operasyonlarda yine \u00e7ok say\u0131da ter\u00f6risti su\u00e7 edatlar\u0131yla birlikte etkisizle\u015ftirildiklerini beyan etti.<\/p>\n<p>Kaynaklar; Halep Kentinin S\u00fckkeri, Kerm el Kat\u0131rc\u0131, Me\u015fhad, Kerm el Cezmati ve Selahattin semtlerinde radikal ter\u00f6r \u00e7etelerinin saflar\u0131nda bir\u00e7ok ter\u00f6risti \u00f6l\u00fc ve yaral\u0131 d\u00fc\u015f\u00fcren ordu birlilerimizin; ara\u00e7, silah ve m\u00fchimmatlar\u0131n\u0131 da yok ettiklerine dikkat \u00e7ekti.<\/p>\n<p>Di\u011fer yandan ter\u00f6ristler medya ara\u00e7lar\u0131nda \u2018Ahrar el \u015eam \u0130slami Hareketi\u2019nin askeri komutanlar\u0131ndan \u2018Ebu Mutasim el Ensari\u2019 kod ad\u0131yla bilenen eleba\u015f\u0131n\u0131n aralar\u0131nda bulundu\u011fu onlarca ter\u00f6ristin \u00f6ld\u00fcr\u00fcld\u00fc\u011f\u00fcn\u00fc itiraf etti.<\/p>\n<p><span style=\"color: #0000ff\">\u0130DL\u0130B:<\/span><\/p>\n<p>\u00d6te yandan askeri kaynak; \u0130dlib k\u0131rsal\u0131nda katil Erdo\u011fan ve Vahhabi \u00c2l Suud rejimlerinin destekledikleri ter\u00f6r \u00e7etelerine y\u00f6nelik askeri operasyonlar\u0131n\u0131 s\u00fcrd\u00fcren ordu birliklerimizin; il k\u0131rsal\u0131n\u0131n g\u00fcneyi Kefarruma K\u00f6y\u00fcnde \u2018Fursan el Hak T\u00fcmeni\u2019ne tabi 19 ter\u00f6risti \u00f6ld\u00fcr\u00fcp bir z\u0131rhl\u0131 arac\u0131 da imha etmelerine ek olarak el T\u0131h K\u00f6y\u00fcnde bir silah deposunu muhtevalar\u0131yla birlikte yok ettiklerini s\u00f6yledi.<\/p>\n<p><span style=\"color: #0000ff\">HAMA:<\/span><\/p>\n<p>Hama k\u0131rsal\u0131n\u0131n kuzeyinde de \u0130dlib il idari s\u0131n\u0131rlar\u0131na yak\u0131n d\u00fc\u015fen el Zekat K\u00f6y\u00fcnde \u2018\u0130zze Toplulu\u011fu\u2019nun bir komuta karargah\u0131n\u0131 imha eden ordu birliklerimiz; i\u00e7inde bulunan 5 ter\u00f6risti ekipmanlar\u0131yla birlikte etkisizle\u015ftirdi.<\/p>\n<p><span style=\"color: #0000ff\">\u015eAM KIRSALI:<\/span><\/p>\n<p>Ak\u015fam saatlerinde SANA\u2019ya a\u00e7\u0131klama yapan askeri kaynak ordu birliklerimizin halk savunma gruplar\u0131yla i\u015fbirli\u011fi i\u00e7inde \u015eam k\u0131rsal\u0131n\u0131n g\u00fcneybat\u0131s\u0131 Dareyya Kasabas\u0131 ile Muaddamiye Beldesi aras\u0131ndaki b\u00f6lgenin tamam\u0131n\u0131 kontrollerine alarak iki b\u00f6lgeyi birbirinden ay\u0131rd\u0131klar\u0131n\u0131 aktard\u0131.<\/p>\n<p>https:\/\/www.youtube.com\/watch?v=QTvZWNSKOSI<\/p>\n<p>M.M.<\/p>\n","protected":false},"excerpt":{"rendered":"<p>\u0130LLER \u2013 D\u00fcnyan\u0131n en dev g\u00fc\u00e7leri taraf\u0131ndan ald\u0131klar\u0131 destekle uluslararas\u0131 ya da insan ahlak\u0131na dair hi\u00e7bir ilkeyi tan\u0131madan sald\u0131r\u0131lar\u0131n\u0131 s\u00fcrd\u00fcrme \u00e7abas\u0131nda olan silahl\u0131 ter\u00f6r gruplar\u0131 kahraman birliklerimizin fedakarl\u0131k, vatanseverlik ve cesaret kalkanlar\u0131 kar\u015f\u0131s\u0131nda a\u011f\u0131r kay\u0131plar vermeye devam ediyorlar. DERA: SANA\u2019ya a\u00e7\u0131klama yapan askeri bir kaynak ordu birliklerimizin Dera k\u0131rsal\u0131nda \u0130srail destekli Nusra Cephesi ve m\u00fcttefikleri &hellip;<\/p>\n","protected":false},"author":1,"featured_media":60616,"comment_status":"closed","ping_status":"closed","sticky":false,"template":"","format":"standard","meta":{"footnotes":""},"categories":[575],"tags":[19050],"class_list":["post-60615","post","type-post","status-publish","format-standard","has-post-thumbnail","","category-olaylar-ve-gercekler","tag-teror-fedakarlik-ve-vatanseverlik-kalkani-karsisinda-kayip-vermeye-devam-ediyor"],"_links":{"self":[{"href":"https:\/\/archive.sana.sy\/tr\/index.php?rest_route=\/wp\/v2\/posts\/60615","targetHints":{"allow":["GET"]}}],"collection":[{"href":"https:\/\/archive.sana.sy\/tr\/index.php?rest_route=\/wp\/v2\/posts"}],"about":[{"href":"https:\/\/archive.sana.sy\/tr\/index.php?rest_route=\/wp\/v2\/types\/post"}],"author":[{"embeddable":true,"href":"https:\/\/archive.sana.sy\/tr\/index.php?rest_route=\/wp\/v2\/users\/1"}],"replies":[{"embeddable":true,"href":"https:\/\/archive.sana.sy\/tr\/index.php?rest_route=%2Fwp%2Fv2%2Fcomments&post=60615"}],"version-history":[{"count":0,"href":"https:\/\/archive.sana.sy\/tr\/index.php?rest_route=\/wp\/v2\/posts\/60615\/revisions"}],"wp:featuredmedia":[{"embeddable":true,"href":"https:\/\/archive.sana.sy\/tr\/index.php?rest_route=\/wp\/v2\/media\/60616"}],"wp:attachment":[{"href":"https:\/\/archive.sana.sy\/tr\/index.php?rest_route=%2Fwp%2Fv2%2Fmedia&parent=60615"}],"wp:term":[{"taxonomy":"category","embeddable":true,"href":"https:\/\/archive.sana.sy\/tr\/index.php?rest_route=%2Fwp%2Fv2%2Fcategories&post=60615"},{"taxonomy":"post_tag","embeddable":true,"href":"https:\/\/archive.sana.sy\/tr\/index.php?rest_route=%2Fwp%2Fv2%2Ftags&post=60615"}],"curies":[{"name":"wp","href":"https:\/\/api.w.org\/{rel}","templated":true}]}}