{"id":60618,"date":"2016-02-06T16:57:16","date_gmt":"2016-02-06T14:57:16","guid":{"rendered":"http:\/\/www.sana.sy\/tr\/?p=60618"},"modified":"2016-02-08T13:07:45","modified_gmt":"2016-02-08T11:07:45","slug":"dunyanin-tum-hur-insanlari-suriye-ordusunun-zaferlerini-onur-ve-gururla-takip-ediyor","status":"publish","type":"post","link":"https:\/\/archive.sana.sy\/tr\/?p=60618","title":{"rendered":"D\u00fcnyan\u0131n T\u00fcm H\u00fcr \u0130nsanlar\u0131 Suriye Ordusunun Zaferlerini Onur ve Gururla takip Ediyor (video)"},"content":{"rendered":"<p>DERA \u2013 Ordu ve Silahl\u0131 Kuvvetler Genel Komutan\u0131 Orgeneral Be\u015f\u015far el Esad\u2019\u0131n y\u00f6nlendirmeleri do\u011frultusunda genel komutan yard\u0131mc\u0131s\u0131 ve Savunma Bakan\u0131 Korgeneral Fahd Casim el Freyc; genel komutanl\u0131kta \u00fcst r\u00fctbeli subaylar\u0131n e\u015fli\u011finde Dera k\u0131rsal\u0131n\u0131n kuzeyi Etman Beldesinde saha incelemelerinde bulundu.<\/p>\n<p><a href=\"http:\/\/www.sana.sy\/tr\/wp-content\/uploads\/2016\/02\/Freyc-1.jpg\"><img loading=\"lazy\" decoding=\"async\" class=\"alignright wp-image-60621 size-medium\" src=\"http:\/\/www.sana.sy\/tr\/wp-content\/uploads\/2016\/02\/Freyc-1-300x184.jpg\" alt=\"Freyc 1\" width=\"300\" height=\"184\" srcset=\"https:\/\/archive.sana.sy\/tr\/wp-content\/uploads\/2016\/02\/Freyc-1-300x184.jpg 300w, https:\/\/archive.sana.sy\/tr\/wp-content\/uploads\/2016\/02\/Freyc-1-150x92.jpg 150w, https:\/\/archive.sana.sy\/tr\/wp-content\/uploads\/2016\/02\/Freyc-1.jpg 720w\" sizes=\"auto, (max-width: 300px) 100vw, 300px\" \/><\/a>Etman Beldesini \u0130srail destekli Nusra Cephesi ve m\u00fcttefikleri olan di\u011fer ter\u00f6r \u00f6rg\u00fctlerinden temizleyen ordu birliklerimizle bir araya gelen Korgeneral Freyc; el Esad\u2019\u0131n iyi dileklerini iletirken vatan koruyucular\u0131m\u0131z\u0131n ter\u00f6re kar\u015f\u0131 ba\u015far\u0131lar\u0131yla duydu\u011fu gururu ifade etti.<\/p>\n<p>operasyonlar\u0131n seyri hakk\u0131nda bilgi alan Korgeneral Freyc Etman Beldesinin ana meydan\u0131nda Suriye Arap Cumhuriyetinin \u015fanl\u0131 bayra\u011f\u0131n\u0131 g\u00f6ndere \u00e7ekti.<\/p>\n<p>Savunma Bakan\u0131 Korgeneral Freyc yabanc\u0131 g\u00fc\u00e7lerin destek ve talimatlar\u0131yla ter\u00f6r estiren \u00f6rg\u00fctlere kar\u015f\u0131 operasyonlar\u0131nda ordu birliklerimize gereken talimat ve y\u00f6nlendirmelerde bulunurken, vatan koruyucular\u0131m\u0131z\u0131n son g\u00fcnlerde ter\u00f6re kar\u015f\u0131 sa\u011flad\u0131\u011f\u0131 stratejik zaferlerin, direni\u015f ve m\u00fccadelede Suriye halk\u0131n\u0131n se\u00e7ene\u011fini somutla\u015ft\u0131rd\u0131\u011f\u0131n\u0131 ifade etti.<\/p>\n<p><a href=\"http:\/\/www.sana.sy\/tr\/wp-content\/uploads\/2016\/02\/Freyc-2.jpg\"><img loading=\"lazy\" decoding=\"async\" class=\"alignright wp-image-60622 size-medium\" src=\"http:\/\/www.sana.sy\/tr\/wp-content\/uploads\/2016\/02\/Freyc-2-300x169.jpg\" alt=\"Freyc 2\" width=\"300\" height=\"169\" srcset=\"https:\/\/archive.sana.sy\/tr\/wp-content\/uploads\/2016\/02\/Freyc-2-300x169.jpg 300w, https:\/\/archive.sana.sy\/tr\/wp-content\/uploads\/2016\/02\/Freyc-2-150x84.jpg 150w, https:\/\/archive.sana.sy\/tr\/wp-content\/uploads\/2016\/02\/Freyc-2-768x432.jpg 768w, https:\/\/archive.sana.sy\/tr\/wp-content\/uploads\/2016\/02\/Freyc-2-1024x576.jpg 1024w, https:\/\/archive.sana.sy\/tr\/wp-content\/uploads\/2016\/02\/Freyc-2.jpg 1280w\" sizes=\"auto, (max-width: 300px) 100vw, 300px\" \/><\/a>Savunma Bakan\u0131 Freyc Suriye halk\u0131n\u0131n yan\u0131 s\u0131ra d\u00fcnyan\u0131n t\u00fcm h\u00fcr insanlar\u0131n\u0131n g\u00fcn\u00fcm\u00fczde Suriye ordusunun ter\u00f6re kar\u015f\u0131 zafer haberlerini onur ve gururla izlediklerine dikkat \u00e7ekti.<\/p>\n<p>Vatan koruyucular\u0131m\u0131z vatan topraklar\u0131n\u0131n her kar\u0131\u015f topra\u011f\u0131n\u0131n d\u0131\u015f destekli ter\u00f6ristlerden temizleninceye dek ulusal sorumluluklar\u0131n\u0131 azim ve kararl\u0131l\u0131kla s\u00fcrd\u00fcreceklerinin alt\u0131n\u0131 \u00e7izdi.<\/p>\n<p>&nbsp;<\/p>\n<div id='gallery-1' class='gallery galleryid-60618 gallery-columns-2 gallery-size-medium'><figure class='gallery-item'>\n\t\t\t<div class='gallery-icon landscape'>\n\t\t\t\t<a href='https:\/\/archive.sana.sy\/tr\/wp-content\/uploads\/2016\/02\/Freyc-3.jpg'><img loading=\"lazy\" decoding=\"async\" width=\"300\" height=\"199\" src=\"https:\/\/archive.sana.sy\/tr\/wp-content\/uploads\/2016\/02\/Freyc-3-300x199.jpg\" class=\"attachment-medium size-medium\" alt=\"\" srcset=\"https:\/\/archive.sana.sy\/tr\/wp-content\/uploads\/2016\/02\/Freyc-3-300x199.jpg 300w, https:\/\/archive.sana.sy\/tr\/wp-content\/uploads\/2016\/02\/Freyc-3-150x100.jpg 150w, https:\/\/archive.sana.sy\/tr\/wp-content\/uploads\/2016\/02\/Freyc-3-768x510.jpg 768w, https:\/\/archive.sana.sy\/tr\/wp-content\/uploads\/2016\/02\/Freyc-3-1024x680.jpg 1024w, https:\/\/archive.sana.sy\/tr\/wp-content\/uploads\/2016\/02\/Freyc-3-310x205.jpg 310w, https:\/\/archive.sana.sy\/tr\/wp-content\/uploads\/2016\/02\/Freyc-3.jpg 1280w\" sizes=\"auto, (max-width: 300px) 100vw, 300px\" \/><\/a>\n\t\t\t<\/div><\/figure><figure class='gallery-item'>\n\t\t\t<div class='gallery-icon landscape'>\n\t\t\t\t<a href='https:\/\/archive.sana.sy\/tr\/wp-content\/uploads\/2016\/02\/Freyc-4.jpg'><img loading=\"lazy\" decoding=\"async\" width=\"300\" height=\"245\" src=\"https:\/\/archive.sana.sy\/tr\/wp-content\/uploads\/2016\/02\/Freyc-4-300x245.jpg\" class=\"attachment-medium size-medium\" alt=\"\" srcset=\"https:\/\/archive.sana.sy\/tr\/wp-content\/uploads\/2016\/02\/Freyc-4-300x245.jpg 300w, https:\/\/archive.sana.sy\/tr\/wp-content\/uploads\/2016\/02\/Freyc-4-150x123.jpg 150w, https:\/\/archive.sana.sy\/tr\/wp-content\/uploads\/2016\/02\/Freyc-4-768x628.jpg 768w, https:\/\/archive.sana.sy\/tr\/wp-content\/uploads\/2016\/02\/Freyc-4-1024x837.jpg 1024w, https:\/\/archive.sana.sy\/tr\/wp-content\/uploads\/2016\/02\/Freyc-4.jpg 1280w\" sizes=\"auto, (max-width: 300px) 100vw, 300px\" \/><\/a>\n\t\t\t<\/div><\/figure>\n\t\t<\/div>\n\n<p>https:\/\/www.youtube.com\/watch?v=AoFwfr4UTYg<\/p>\n","protected":false},"excerpt":{"rendered":"<p>DERA \u2013 Ordu ve Silahl\u0131 Kuvvetler Genel Komutan\u0131 Orgeneral Be\u015f\u015far el Esad\u2019\u0131n y\u00f6nlendirmeleri do\u011frultusunda genel komutan yard\u0131mc\u0131s\u0131 ve Savunma Bakan\u0131 Korgeneral Fahd Casim el Freyc; genel komutanl\u0131kta \u00fcst r\u00fctbeli subaylar\u0131n e\u015fli\u011finde Dera k\u0131rsal\u0131n\u0131n kuzeyi Etman Beldesinde saha incelemelerinde bulundu. Etman Beldesini \u0130srail destekli Nusra Cephesi ve m\u00fcttefikleri olan di\u011fer ter\u00f6r \u00f6rg\u00fctlerinden temizleyen ordu birliklerimizle bir &hellip;<\/p>\n","protected":false},"author":1,"featured_media":60619,"comment_status":"closed","ping_status":"closed","sticky":false,"template":"","format":"standard","meta":{"footnotes":""},"categories":[479,575,478],"tags":[19051,19077,19076],"class_list":["post-60618","post","type-post","status-publish","format-standard","has-post-thumbnail","","category-haberler-yerel","category-olaylar-ve-gercekler","category-yerel","tag-dunyanin-tum-hur-insanlari-suriye-ordusunun-zaferlerini-onur-ve-gururla-takip-ediyor","tag-fahd-casim-el-freyc","tag-savunma-bakani"],"_links":{"self":[{"href":"https:\/\/archive.sana.sy\/tr\/index.php?rest_route=\/wp\/v2\/posts\/60618","targetHints":{"allow":["GET"]}}],"collection":[{"href":"https:\/\/archive.sana.sy\/tr\/index.php?rest_route=\/wp\/v2\/posts"}],"about":[{"href":"https:\/\/archive.sana.sy\/tr\/index.php?rest_route=\/wp\/v2\/types\/post"}],"author":[{"embeddable":true,"href":"https:\/\/archive.sana.sy\/tr\/index.php?rest_route=\/wp\/v2\/users\/1"}],"replies":[{"embeddable":true,"href":"https:\/\/archive.sana.sy\/tr\/index.php?rest_route=%2Fwp%2Fv2%2Fcomments&post=60618"}],"version-history":[{"count":0,"href":"https:\/\/archive.sana.sy\/tr\/index.php?rest_route=\/wp\/v2\/posts\/60618\/revisions"}],"wp:featuredmedia":[{"embeddable":true,"href":"https:\/\/archive.sana.sy\/tr\/index.php?rest_route=\/wp\/v2\/media\/60619"}],"wp:attachment":[{"href":"https:\/\/archive.sana.sy\/tr\/index.php?rest_route=%2Fwp%2Fv2%2Fmedia&parent=60618"}],"wp:term":[{"taxonomy":"category","embeddable":true,"href":"https:\/\/archive.sana.sy\/tr\/index.php?rest_route=%2Fwp%2Fv2%2Fcategories&post=60618"},{"taxonomy":"post_tag","embeddable":true,"href":"https:\/\/archive.sana.sy\/tr\/index.php?rest_route=%2Fwp%2Fv2%2Ftags&post=60618"}],"curies":[{"name":"wp","href":"https:\/\/api.w.org\/{rel}","templated":true}]}}