{"id":60627,"date":"2016-02-06T17:06:46","date_gmt":"2016-02-06T15:06:46","guid":{"rendered":"http:\/\/www.sana.sy\/tr\/?p=60627"},"modified":"2016-02-06T17:08:24","modified_gmt":"2016-02-06T15:08:24","slug":"suriyeye-girecek-yabanci-gucler-tabutlarla-geri-donecek","status":"publish","type":"post","link":"https:\/\/archive.sana.sy\/tr\/?p=60627","title":{"rendered":"Suriye&#8217;ye Girecek Yabanc\u0131 G\u00fc\u00e7ler, Tabutlarla Geri D\u00f6necek"},"content":{"rendered":"<p>Ba\u015fbakan Yard\u0131mc\u0131s\u0131 D\u0131\u015fi\u015fleri ve Gurbet\u00e7iler Bakan\u0131 Velid el Muallim bug\u00fcn \u00f6\u011flen saatlerinde d\u00fczenledi\u011fi bas\u0131n konferans\u0131nda Suriye&#8217;deki krizin \u00e7\u00f6z\u00fcm\u00fcnde son durum ve geli\u015fmelere \u0131\u015f\u0131k tuttu.<\/p>\n<p>https:\/\/www.youtube.com\/watch?v=_XZ_yNJL2G0<\/p>\n","protected":false},"excerpt":{"rendered":"<p>Ba\u015fbakan Yard\u0131mc\u0131s\u0131 D\u0131\u015fi\u015fleri ve Gurbet\u00e7iler Bakan\u0131 Velid el Muallim bug\u00fcn \u00f6\u011flen saatlerinde d\u00fczenledi\u011fi bas\u0131n konferans\u0131nda Suriye&#8217;deki krizin \u00e7\u00f6z\u00fcm\u00fcnde son durum ve geli\u015fmelere \u0131\u015f\u0131k tuttu. https:\/\/www.youtube.com\/watch?v=_XZ_yNJL2G0<\/p>\n","protected":false},"author":1,"featured_media":60596,"comment_status":"closed","ping_status":"closed","sticky":false,"template":"","format":"standard","meta":{"footnotes":""},"categories":[18295],"tags":[19052,19053],"class_list":["post-60627","post","type-post","status-publish","format-standard","has-post-thumbnail","","category-sana-video","tag-suriyeye-girecek-yabanci-gucler","tag-tabutlarla-geri-donecek"],"_links":{"self":[{"href":"https:\/\/archive.sana.sy\/tr\/index.php?rest_route=\/wp\/v2\/posts\/60627","targetHints":{"allow":["GET"]}}],"collection":[{"href":"https:\/\/archive.sana.sy\/tr\/index.php?rest_route=\/wp\/v2\/posts"}],"about":[{"href":"https:\/\/archive.sana.sy\/tr\/index.php?rest_route=\/wp\/v2\/types\/post"}],"author":[{"embeddable":true,"href":"https:\/\/archive.sana.sy\/tr\/index.php?rest_route=\/wp\/v2\/users\/1"}],"replies":[{"embeddable":true,"href":"https:\/\/archive.sana.sy\/tr\/index.php?rest_route=%2Fwp%2Fv2%2Fcomments&post=60627"}],"version-history":[{"count":0,"href":"https:\/\/archive.sana.sy\/tr\/index.php?rest_route=\/wp\/v2\/posts\/60627\/revisions"}],"wp:featuredmedia":[{"embeddable":true,"href":"https:\/\/archive.sana.sy\/tr\/index.php?rest_route=\/wp\/v2\/media\/60596"}],"wp:attachment":[{"href":"https:\/\/archive.sana.sy\/tr\/index.php?rest_route=%2Fwp%2Fv2%2Fmedia&parent=60627"}],"wp:term":[{"taxonomy":"category","embeddable":true,"href":"https:\/\/archive.sana.sy\/tr\/index.php?rest_route=%2Fwp%2Fv2%2Fcategories&post=60627"},{"taxonomy":"post_tag","embeddable":true,"href":"https:\/\/archive.sana.sy\/tr\/index.php?rest_route=%2Fwp%2Fv2%2Ftags&post=60627"}],"curies":[{"name":"wp","href":"https:\/\/api.w.org\/{rel}","templated":true}]}}