{"id":60631,"date":"2016-02-06T17:05:45","date_gmt":"2016-02-06T15:05:45","guid":{"rendered":"http:\/\/www.sana.sy\/tr\/?p=60631"},"modified":"2016-02-06T17:05:45","modified_gmt":"2016-02-06T15:05:45","slug":"aksam-saatlerinde-sanaya-aciklama-yapan-askeri-kaynak-ordu-birliklerimizin-halk-savunma-gruplariyla-isbirligi-icinde-sam-kirsalinin-guneybatisi-dareyya-kasabasi-ile-muaddamiye-beldesi-arasind","status":"publish","type":"post","link":"https:\/\/archive.sana.sy\/tr\/?p=60631","title":{"rendered":"Ak\u015fam saatlerinde SANA\u2019ya a\u00e7\u0131klama yapan askeri kaynak ordu birliklerimizin halk savunma gruplar\u0131yla i\u015fbirli\u011fi i\u00e7inde \u015eam k\u0131rsal\u0131n\u0131n g\u00fcneybat\u0131s\u0131 Dareyya Kasabas\u0131 ile Muaddamiye Beldesi aras\u0131ndaki b\u00f6lgenin tamam\u0131n\u0131 kontrollerine alarak iki b\u00f6lgeyi birbirinden ay\u0131rd\u0131klar\u0131n\u0131 aktard\u0131"},"content":{"rendered":"<p>Ak\u015fam saatlerinde SANA\u2019ya a\u00e7\u0131klama yapan askeri kaynak ordu birliklerimizin halk savunma gruplar\u0131yla i\u015fbirli\u011fi i\u00e7inde \u015eam k\u0131rsal\u0131n\u0131n g\u00fcneybat\u0131s\u0131 Dareyya Kasabas\u0131 ile Muaddamiye Beldesi aras\u0131ndaki b\u00f6lgenin tamam\u0131n\u0131 kontrollerine alarak iki b\u00f6lgeyi birbirinden ay\u0131rd\u0131klar\u0131n\u0131 aktard\u0131<\/p>\n","protected":false},"excerpt":{"rendered":"<p>Ak\u015fam saatlerinde SANA\u2019ya a\u00e7\u0131klama yapan askeri kaynak ordu birliklerimizin halk savunma gruplar\u0131yla i\u015fbirli\u011fi i\u00e7inde \u015eam k\u0131rsal\u0131n\u0131n g\u00fcneybat\u0131s\u0131 Dareyya Kasabas\u0131 ile Muaddamiye Beldesi aras\u0131ndaki b\u00f6lgenin tamam\u0131n\u0131 kontrollerine alarak iki b\u00f6lgeyi birbirinden ay\u0131rd\u0131klar\u0131n\u0131 aktard\u0131<\/p>\n","protected":false},"author":1,"featured_media":0,"comment_status":"closed","ping_status":"closed","sticky":false,"template":"","format":"standard","meta":{"footnotes":""},"categories":[17991],"tags":[],"class_list":["post-60631","post","type-post","status-publish","format-standard","","category-son-dakika"],"_links":{"self":[{"href":"https:\/\/archive.sana.sy\/tr\/index.php?rest_route=\/wp\/v2\/posts\/60631","targetHints":{"allow":["GET"]}}],"collection":[{"href":"https:\/\/archive.sana.sy\/tr\/index.php?rest_route=\/wp\/v2\/posts"}],"about":[{"href":"https:\/\/archive.sana.sy\/tr\/index.php?rest_route=\/wp\/v2\/types\/post"}],"author":[{"embeddable":true,"href":"https:\/\/archive.sana.sy\/tr\/index.php?rest_route=\/wp\/v2\/users\/1"}],"replies":[{"embeddable":true,"href":"https:\/\/archive.sana.sy\/tr\/index.php?rest_route=%2Fwp%2Fv2%2Fcomments&post=60631"}],"version-history":[{"count":0,"href":"https:\/\/archive.sana.sy\/tr\/index.php?rest_route=\/wp\/v2\/posts\/60631\/revisions"}],"wp:attachment":[{"href":"https:\/\/archive.sana.sy\/tr\/index.php?rest_route=%2Fwp%2Fv2%2Fmedia&parent=60631"}],"wp:term":[{"taxonomy":"category","embeddable":true,"href":"https:\/\/archive.sana.sy\/tr\/index.php?rest_route=%2Fwp%2Fv2%2Fcategories&post=60631"},{"taxonomy":"post_tag","embeddable":true,"href":"https:\/\/archive.sana.sy\/tr\/index.php?rest_route=%2Fwp%2Fv2%2Ftags&post=60631"}],"curies":[{"name":"wp","href":"https:\/\/api.w.org\/{rel}","templated":true}]}}