{"id":60699,"date":"2016-02-07T16:13:15","date_gmt":"2016-02-07T14:13:15","guid":{"rendered":"http:\/\/www.sana.sy\/tr\/?p=60699"},"modified":"2016-02-08T16:40:45","modified_gmt":"2016-02-08T14:40:45","slug":"teroristler-karargahlari-ve-araclariyla-imha-ediliyor","status":"publish","type":"post","link":"https:\/\/archive.sana.sy\/tr\/?p=60699","title":{"rendered":"Ter\u00f6ristler Karargahlar\u0131 ve Ara\u00e7lar\u0131yla \u0130mha Ediliyor"},"content":{"rendered":"<p>\u0130LLER \u2013 Ordu birliklerimiz yurdun her kar\u0131\u015f topra\u011f\u0131n\u0131 d\u0131\u015f g\u00fc\u00e7lerin patronajl\u0131\u011f\u0131ndaki tekfirci ve hain ter\u00f6ristlerden kurtarma azmiyle operasyonlar\u0131n\u0131 s\u00fcrd\u00fcr\u00fcrlerken bu g\u00fcn de onlarca ter\u00f6risti karargahlar\u0131 ve ara\u00e7lar\u0131yla etkisiz hale getirdi.<\/p>\n<p><span style=\"color: #0000ff\">HALEP:<\/span><\/p>\n<p>SANA\u2019ya a\u00e7\u0131klama yapan askeri kaynak Halep ve k\u0131rsal\u0131nda T\u00fcrkiye&#8217;deki rejimin destekledi\u011fi \u00e7okuluslu tekfirci ve hain ter\u00f6ristlere y\u00f6nelik operasyonlar kapsam\u0131nda hava g\u00fc\u00e7lerimizin il k\u0131rsal\u0131n\u0131n do\u011fusu Resm el Ali ve Siyn k\u00f6ylerinde I\u015e\u0130D\u2019in komuta merkezleri ve a\u011f\u0131r silahlarla donat\u0131lm\u0131\u015f ara\u00e7lar\u0131n\u0131 i\u00e7erdikleri ter\u00f6ristler ve cephaneyle birlikte imha ettiklerini belirtti.<\/p>\n<p>G\u00fcn\u00fcn ilerleyen saatlerinde\u00a0a\u00e7\u0131klama yapan askeri kaynak ordu birliklerimizin Halep k\u0131rsal\u0131n\u0131n do\u011fusunda I\u015e\u0130D tekfircilerini say\u0131 ve ara\u00e7lar\u0131yla b\u00fcy\u00fck kay\u0131plara u\u011fratmalar\u0131 ard\u0131ndan stratejik \u00f6neme sahip Berlahin Tepesini kontrollerine ge\u00e7irdiklerini belirtti<\/p>\n<p><span style=\"color: #0000ff\">HAMA:<\/span><\/p>\n<p>Hama k\u0131rsal\u0131nda Erdo\u011fan ve Al Suud rejimlerinin destekledikleri \u00e7okuluslu tekfirci ter\u00f6ristlere y\u00f6nelik operasyonlar\u0131n ba\u015far\u0131yla devam etti\u011fini belirten kaynak; ordu birliklerimizin il k\u0131rsal\u0131n\u0131n kuzeybat\u0131s\u0131 Kefarzeyta Beldesinde \u2018Ecnad el \u015eam \u0130slami Birli\u011fi\u2019 tekfirci ter\u00f6r \u00f6rg\u00fct\u00fcn\u00fcn toplanma yerleri, karargahlar\u0131 ve ara\u00e7lar\u0131n\u0131 imha ettiklerini ifade etti. Zekka K\u00f6y\u00fcnde de \u2018Ezza Toplulu\u011fu\u2019 ad\u0131yla bilinen ter\u00f6r \u00f6rg\u00fct\u00fcn\u00fcn bir toplanma yerinin imha edildi\u011fini belirten kaynak; operasyonlarda aralar\u0131nda yabanc\u0131lar\u0131n bulundu\u011fu \u00e7ok say\u0131da ter\u00f6ristle birlikte bir\u00e7ok ara\u00e7 ve b\u00fcy\u00fck miktarda cephanenin imha edildi\u011fini s\u00f6yledi.<\/p>\n<p>Kaynak Hama k\u0131rsal\u0131n\u0131n Karkur, Ziyaret, Tel Vas\u0131t ve Mansura belde ve k\u00f6ylerinde de \u2018Fetih Hareketi\u2019nin karargah ve ara\u00e7lar\u0131n\u0131n imha edildi\u011fini aktar\u0131rken, geneli a\u011f\u0131r silahlarla donat\u0131lm\u0131\u015f 7 ara\u00e7la birlikte \u00e7ok say\u0131da ter\u00f6ristin etkisiz hale getirildi\u011fini s\u00f6zlerine ekledi.<\/p>\n<p><span style=\"color: #0000ff\">\u0130DL\u0130B:<\/span><\/p>\n<p>\u0130dlib k\u0131rsal\u0131nda yine Erdo\u011fan ve Al Suud rejimlerinin destekledikleri ter\u00f6ristlere y\u00f6nelik operasyonlar\u0131nda ordu birliklerimizin Hbayt K\u00f6y\u00fcnde Nusra Cephesinin bir karargah\u0131n\u0131 i\u00e7inde bulunan cephane ve ter\u00f6ristlerle birlikte imha ettiklerine belirten kaynak; buna e\u015f zamanl\u0131 olarak Han \u015eeyhun B\u00f6lgesinin Temania Beldesinde \u2018Cund el Aksa\u2019 ter\u00f6r \u00f6rg\u00fct\u00fcnden 5 ter\u00f6risti \u00f6ld\u00fcrd\u00fcklerini s\u00f6yledi.<\/p>\n<p>Ordu birliklerimizin \u0130dlib \u0130line tabi Muarratunnuman\u2019\u0131n yakla\u015f\u0131k 13 km g\u00fcneydo\u011fusu Teh K\u00f6y\u00fcnde ter\u00f6ristlerin bir cephane deposunu muhtevalar\u0131yla imha ederek 9 ter\u00f6risti \u00f6ld\u00fcrd\u00fcklerini ifade eden kaynak; kefarroma K\u00f6y\u00fcnde de \u2018Fursan el Hak\u2019 adl\u0131 \u00e7etelere ait z\u0131rhl\u0131 bir arac\u0131 ta\u015f\u0131d\u0131\u011f\u0131 ter\u00f6ristler ve cephaneyle birlikte imha ettiklerini belitti.<\/p>\n<p>Bu arada saha kaynaklar\u0131 ordu birliklerimizin son iki g\u00fcnde ge\u00e7ekle\u015ftirdikleri operasyonlarda en az 100 ter\u00f6ristin \u00f6ld\u00fc\u011f\u00fcne dikkat \u00e7ekti.<\/p>\n","protected":false},"excerpt":{"rendered":"<p>\u0130LLER \u2013 Ordu birliklerimiz yurdun her kar\u0131\u015f topra\u011f\u0131n\u0131 d\u0131\u015f g\u00fc\u00e7lerin patronajl\u0131\u011f\u0131ndaki tekfirci ve hain ter\u00f6ristlerden kurtarma azmiyle operasyonlar\u0131n\u0131 s\u00fcrd\u00fcr\u00fcrlerken bu g\u00fcn de onlarca ter\u00f6risti karargahlar\u0131 ve ara\u00e7lar\u0131yla etkisiz hale getirdi. HALEP: SANA\u2019ya a\u00e7\u0131klama yapan askeri kaynak Halep ve k\u0131rsal\u0131nda T\u00fcrkiye&#8217;deki rejimin destekledi\u011fi \u00e7okuluslu tekfirci ve hain ter\u00f6ristlere y\u00f6nelik operasyonlar kapsam\u0131nda hava g\u00fc\u00e7lerimizin il k\u0131rsal\u0131n\u0131n do\u011fusu &hellip;<\/p>\n","protected":false},"author":1,"featured_media":60701,"comment_status":"closed","ping_status":"closed","sticky":false,"template":"","format":"standard","meta":{"footnotes":""},"categories":[575],"tags":[19061],"class_list":["post-60699","post","type-post","status-publish","format-standard","has-post-thumbnail","","category-olaylar-ve-gercekler","tag-teroristler-karargahlari-ve-araclariyla-imha-ediliyor"],"_links":{"self":[{"href":"https:\/\/archive.sana.sy\/tr\/index.php?rest_route=\/wp\/v2\/posts\/60699","targetHints":{"allow":["GET"]}}],"collection":[{"href":"https:\/\/archive.sana.sy\/tr\/index.php?rest_route=\/wp\/v2\/posts"}],"about":[{"href":"https:\/\/archive.sana.sy\/tr\/index.php?rest_route=\/wp\/v2\/types\/post"}],"author":[{"embeddable":true,"href":"https:\/\/archive.sana.sy\/tr\/index.php?rest_route=\/wp\/v2\/users\/1"}],"replies":[{"embeddable":true,"href":"https:\/\/archive.sana.sy\/tr\/index.php?rest_route=%2Fwp%2Fv2%2Fcomments&post=60699"}],"version-history":[{"count":0,"href":"https:\/\/archive.sana.sy\/tr\/index.php?rest_route=\/wp\/v2\/posts\/60699\/revisions"}],"wp:featuredmedia":[{"embeddable":true,"href":"https:\/\/archive.sana.sy\/tr\/index.php?rest_route=\/wp\/v2\/media\/60701"}],"wp:attachment":[{"href":"https:\/\/archive.sana.sy\/tr\/index.php?rest_route=%2Fwp%2Fv2%2Fmedia&parent=60699"}],"wp:term":[{"taxonomy":"category","embeddable":true,"href":"https:\/\/archive.sana.sy\/tr\/index.php?rest_route=%2Fwp%2Fv2%2Fcategories&post=60699"},{"taxonomy":"post_tag","embeddable":true,"href":"https:\/\/archive.sana.sy\/tr\/index.php?rest_route=%2Fwp%2Fv2%2Ftags&post=60699"}],"curies":[{"name":"wp","href":"https:\/\/api.w.org\/{rel}","templated":true}]}}