{"id":60710,"date":"2016-02-07T13:41:58","date_gmt":"2016-02-07T11:41:58","guid":{"rendered":"http:\/\/www.sana.sy\/tr\/?p=60710"},"modified":"2016-02-08T15:52:32","modified_gmt":"2016-02-08T13:52:32","slug":"bu-yil-ekonomik-hizmetsel-ve-sosyal-gostergeleri-restore-etme-yili-olacak","status":"publish","type":"post","link":"https:\/\/archive.sana.sy\/tr\/?p=60710","title":{"rendered":"Bu Y\u0131l Ekonomik, Hizmetsel ve Sosyal G\u00f6stergeleri Restore Etme Y\u0131l\u0131 Olacak"},"content":{"rendered":"<p>\u015eAM \u2013 Halk Meclisi bug\u00fcn birinci yasama d\u00f6neminin 12. ola\u011fan devresinin ilk oturumunu meclis ba\u015fkan\u0131 Muhammed Cihat el Lahham ba\u015fkanl\u0131\u011f\u0131nda kabinenin kat\u0131l\u0131m\u0131yla d\u00fczenledi.<\/p>\n<p>Ba\u015fbakan Vail el Halaki ve kabine \u00fcyelerinin kat\u0131ld\u0131\u011f\u0131 oturumda konu\u015fan Lahham; ordu birliklerimizin ter\u00f6re kar\u015f\u0131 zaferlerine dikkat \u00e7ekerken, vatan\u0131 savunan askerlerimizi selamlad\u0131.<\/p>\n<p>Oturumda konu\u015fan Ba\u015fbakan Halaki ise 2016 y\u0131l\u0131n\u0131n Suriye&#8217;de ekonomik, hizmetsel ve sosyal g\u00f6stergelerin restore edilmesi y\u0131l\u0131 olaca\u011f\u0131n\u0131 belirtti.<\/p>\n","protected":false},"excerpt":{"rendered":"<p>\u015eAM \u2013 Halk Meclisi bug\u00fcn birinci yasama d\u00f6neminin 12. ola\u011fan devresinin ilk oturumunu meclis ba\u015fkan\u0131 Muhammed Cihat el Lahham ba\u015fkanl\u0131\u011f\u0131nda kabinenin kat\u0131l\u0131m\u0131yla d\u00fczenledi. Ba\u015fbakan Vail el Halaki ve kabine \u00fcyelerinin kat\u0131ld\u0131\u011f\u0131 oturumda konu\u015fan Lahham; ordu birliklerimizin ter\u00f6re kar\u015f\u0131 zaferlerine dikkat \u00e7ekerken, vatan\u0131 savunan askerlerimizi selamlad\u0131. Oturumda konu\u015fan Ba\u015fbakan Halaki ise 2016 y\u0131l\u0131n\u0131n Suriye&#8217;de ekonomik, hizmetsel &hellip;<\/p>\n","protected":false},"author":1,"featured_media":60712,"comment_status":"closed","ping_status":"closed","sticky":false,"template":"","format":"standard","meta":{"footnotes":""},"categories":[479,17988,478],"tags":[18703,16838,17013,17014,19063,18702],"class_list":["post-60710","post","type-post","status-publish","format-standard","has-post-thumbnail","","category-haberler-yerel","category-son-haberler","category-yerel","tag-basbakan","tag-halk-meclisi","tag-hukumet","tag-kabine","tag-muhammed-cihat-el-lahham","tag-vail-el-halaki"],"_links":{"self":[{"href":"https:\/\/archive.sana.sy\/tr\/index.php?rest_route=\/wp\/v2\/posts\/60710","targetHints":{"allow":["GET"]}}],"collection":[{"href":"https:\/\/archive.sana.sy\/tr\/index.php?rest_route=\/wp\/v2\/posts"}],"about":[{"href":"https:\/\/archive.sana.sy\/tr\/index.php?rest_route=\/wp\/v2\/types\/post"}],"author":[{"embeddable":true,"href":"https:\/\/archive.sana.sy\/tr\/index.php?rest_route=\/wp\/v2\/users\/1"}],"replies":[{"embeddable":true,"href":"https:\/\/archive.sana.sy\/tr\/index.php?rest_route=%2Fwp%2Fv2%2Fcomments&post=60710"}],"version-history":[{"count":0,"href":"https:\/\/archive.sana.sy\/tr\/index.php?rest_route=\/wp\/v2\/posts\/60710\/revisions"}],"wp:featuredmedia":[{"embeddable":true,"href":"https:\/\/archive.sana.sy\/tr\/index.php?rest_route=\/wp\/v2\/media\/60712"}],"wp:attachment":[{"href":"https:\/\/archive.sana.sy\/tr\/index.php?rest_route=%2Fwp%2Fv2%2Fmedia&parent=60710"}],"wp:term":[{"taxonomy":"category","embeddable":true,"href":"https:\/\/archive.sana.sy\/tr\/index.php?rest_route=%2Fwp%2Fv2%2Fcategories&post=60710"},{"taxonomy":"post_tag","embeddable":true,"href":"https:\/\/archive.sana.sy\/tr\/index.php?rest_route=%2Fwp%2Fv2%2Ftags&post=60710"}],"curies":[{"name":"wp","href":"https:\/\/api.w.org\/{rel}","templated":true}]}}