{"id":60714,"date":"2016-02-07T14:35:37","date_gmt":"2016-02-07T12:35:37","guid":{"rendered":"http:\/\/www.sana.sy\/tr\/?p=60714"},"modified":"2016-02-08T15:52:29","modified_gmt":"2016-02-08T13:52:29","slug":"silahlariyla-teslim-olanlar-serbest-birakildi","status":"publish","type":"post","link":"https:\/\/archive.sana.sy\/tr\/?p=60714","title":{"rendered":"Silahlar\u0131yla Teslim Olanlar Serbest B\u0131rak\u0131ld\u0131"},"content":{"rendered":"<p>HOMS \u2013 SANA muhabiri Homs Kentinin bir k\u0131s\u0131m semtlerine ek olarak il k\u0131rsal\u0131n\u0131n Telbise ve Resten b\u00f6lgelerinden silahlar\u0131yla teslim olan 133 ki\u015finin kanuni durumlar\u0131n\u0131n yeniden d\u00fczenlenmesi ard\u0131ndan serbest b\u0131rak\u0131ld\u0131klar\u0131n\u0131 belirtti.<\/p>\n<p>Muhabir ulusal uzla\u015fma \u00e7abalar\u0131 kapsam\u0131nda silahlar\u0131yla teslim olan s\u00f6z konusu ki\u015filerin; ulusal g\u00fcvenli\u011fi tehdit edecek herhangi bir eyleme yeniden kat\u0131lmama taahh\u00fcd\u00fc imzalad\u0131klar\u0131n\u0131, vatan\u0131 hedef alan ter\u00f6r eylemlerine kat\u0131lmaktan pi\u015fmanl\u0131klar\u0131n\u0131 ifade ettiklerini s\u00f6yledi.<\/p>\n","protected":false},"excerpt":{"rendered":"<p>HOMS \u2013 SANA muhabiri Homs Kentinin bir k\u0131s\u0131m semtlerine ek olarak il k\u0131rsal\u0131n\u0131n Telbise ve Resten b\u00f6lgelerinden silahlar\u0131yla teslim olan 133 ki\u015finin kanuni durumlar\u0131n\u0131n yeniden d\u00fczenlenmesi ard\u0131ndan serbest b\u0131rak\u0131ld\u0131klar\u0131n\u0131 belirtti. Muhabir ulusal uzla\u015fma \u00e7abalar\u0131 kapsam\u0131nda silahlar\u0131yla teslim olan s\u00f6z konusu ki\u015filerin; ulusal g\u00fcvenli\u011fi tehdit edecek herhangi bir eyleme yeniden kat\u0131lmama taahh\u00fcd\u00fc imzalad\u0131klar\u0131n\u0131, vatan\u0131 hedef alan &hellip;<\/p>\n","protected":false},"author":1,"featured_media":60721,"comment_status":"closed","ping_status":"closed","sticky":false,"template":"","format":"standard","meta":{"footnotes":""},"categories":[479,575,17988,478],"tags":[17094,11019],"class_list":["post-60714","post","type-post","status-publish","format-standard","has-post-thumbnail","","category-haberler-yerel","category-olaylar-ve-gercekler","category-son-haberler","category-yerel","tag-serbest-birakilanlar","tag-teslim-olanlar"],"_links":{"self":[{"href":"https:\/\/archive.sana.sy\/tr\/index.php?rest_route=\/wp\/v2\/posts\/60714","targetHints":{"allow":["GET"]}}],"collection":[{"href":"https:\/\/archive.sana.sy\/tr\/index.php?rest_route=\/wp\/v2\/posts"}],"about":[{"href":"https:\/\/archive.sana.sy\/tr\/index.php?rest_route=\/wp\/v2\/types\/post"}],"author":[{"embeddable":true,"href":"https:\/\/archive.sana.sy\/tr\/index.php?rest_route=\/wp\/v2\/users\/1"}],"replies":[{"embeddable":true,"href":"https:\/\/archive.sana.sy\/tr\/index.php?rest_route=%2Fwp%2Fv2%2Fcomments&post=60714"}],"version-history":[{"count":0,"href":"https:\/\/archive.sana.sy\/tr\/index.php?rest_route=\/wp\/v2\/posts\/60714\/revisions"}],"wp:featuredmedia":[{"embeddable":true,"href":"https:\/\/archive.sana.sy\/tr\/index.php?rest_route=\/wp\/v2\/media\/60721"}],"wp:attachment":[{"href":"https:\/\/archive.sana.sy\/tr\/index.php?rest_route=%2Fwp%2Fv2%2Fmedia&parent=60714"}],"wp:term":[{"taxonomy":"category","embeddable":true,"href":"https:\/\/archive.sana.sy\/tr\/index.php?rest_route=%2Fwp%2Fv2%2Fcategories&post=60714"},{"taxonomy":"post_tag","embeddable":true,"href":"https:\/\/archive.sana.sy\/tr\/index.php?rest_route=%2Fwp%2Fv2%2Ftags&post=60714"}],"curies":[{"name":"wp","href":"https:\/\/api.w.org\/{rel}","templated":true}]}}