{"id":60723,"date":"2016-02-07T10:00:53","date_gmt":"2016-02-07T08:00:53","guid":{"rendered":"http:\/\/www.sana.sy\/tr\/?p=60723"},"modified":"2016-02-07T15:03:48","modified_gmt":"2016-02-07T13:03:48","slug":"hicbir-etkileri-olmayan-sembolik-guc-olabilir","status":"publish","type":"post","link":"https:\/\/archive.sana.sy\/tr\/?p=60723","title":{"rendered":"Hi\u00e7bir Etkileri Olmayan Sembolik G\u00fc\u00e7 Olabilir"},"content":{"rendered":"<p>TAHRAN \u2013 \u0130ran Devrim Muhaf\u0131zlar\u0131 Genel Komutan\u0131 Yard\u0131mc\u0131s\u0131 Tu\u011fgeneral H\u00fcseyin Selami; Suudi Arabistan rejiminin Suriye&#8217;ye askeri g\u00fc\u00e7 g\u00f6nderme niyetinde oldu\u011fu ilan\u0131n\u0131, \u2018sahada hi\u00e7bir ger\u00e7e\u011fi olmayan siyasi bir \u015faka\u2019 olarak nitelendirdi.<\/p>\n<p>\u0130ran televizyonunun ikinci kanal\u0131n\u0131n d\u00fcn ak\u015fam yay\u0131nlad\u0131\u011f\u0131 r\u00f6portaj\u0131nda Selami; \u0130ran\u2019\u0131n, Suudi Arabistan\u2019\u0131n sahip oldu\u011fu olanaklar\u0131n ger\u00e7e\u011fini bildi\u011fini ifade etti.<\/p>\n<p>Suriye&#8217;deki t\u00fcm ter\u00f6r \u00f6rg\u00fctlerinin Suudi Arabistan\u2019dan finans sa\u011flad\u0131klar\u0131n\u0131n bilindi\u011fini belirten Selami; Suriye ve halk\u0131n\u0131n maruz kald\u0131\u011f\u0131 ter\u00f6r sava\u015f\u0131n\u0131n ABD, \u0130srail, \u0130ngiltere, Fransa ve Suudi Arabistan\u2019\u0131n ortak \u00e7\u0131karlar\u0131 kapsam\u0131nda y\u00fcr\u00fct\u00fcld\u00fc\u011f\u00fcn\u00fcn alt\u0131n\u0131 \u00e7izdi.<\/p>\n<p>Selami Suudi rejiminin sembolik olarak Suriye&#8217;nin herhangi bir b\u00f6lgesine g\u00fc\u00e7 g\u00f6nderebilece\u011fini ifade ederken, fakat bu g\u00fc\u00e7lerin pratikte hi\u00e7bir etkileri olmayaca\u011f\u0131n\u0131 belirtti.<\/p>\n","protected":false},"excerpt":{"rendered":"<p>TAHRAN \u2013 \u0130ran Devrim Muhaf\u0131zlar\u0131 Genel Komutan\u0131 Yard\u0131mc\u0131s\u0131 Tu\u011fgeneral H\u00fcseyin Selami; Suudi Arabistan rejiminin Suriye&#8217;ye askeri g\u00fc\u00e7 g\u00f6nderme niyetinde oldu\u011fu ilan\u0131n\u0131, \u2018sahada hi\u00e7bir ger\u00e7e\u011fi olmayan siyasi bir \u015faka\u2019 olarak nitelendirdi. \u0130ran televizyonunun ikinci kanal\u0131n\u0131n d\u00fcn ak\u015fam yay\u0131nlad\u0131\u011f\u0131 r\u00f6portaj\u0131nda Selami; \u0130ran\u2019\u0131n, Suudi Arabistan\u2019\u0131n sahip oldu\u011fu olanaklar\u0131n ger\u00e7e\u011fini bildi\u011fini ifade etti. Suriye&#8217;deki t\u00fcm ter\u00f6r \u00f6rg\u00fctlerinin Suudi Arabistan\u2019dan &hellip;<\/p>\n","protected":false},"author":1,"featured_media":60728,"comment_status":"closed","ping_status":"closed","sticky":false,"template":"","format":"standard","meta":{"footnotes":""},"categories":[458,459,17988],"tags":[19071,19070,2733],"class_list":["post-60723","post","type-post","status-publish","format-standard","has-post-thumbnail","","category-dunya1","category-haberler-arap-uluslararasi-politika","category-son-haberler","tag-askeri-guc","tag-iran-devrim-muhafizlari-genel-komutani-yardimcisi-tuggeneral-huseyin-selami","tag-suudi-arabistan"],"_links":{"self":[{"href":"https:\/\/archive.sana.sy\/tr\/index.php?rest_route=\/wp\/v2\/posts\/60723","targetHints":{"allow":["GET"]}}],"collection":[{"href":"https:\/\/archive.sana.sy\/tr\/index.php?rest_route=\/wp\/v2\/posts"}],"about":[{"href":"https:\/\/archive.sana.sy\/tr\/index.php?rest_route=\/wp\/v2\/types\/post"}],"author":[{"embeddable":true,"href":"https:\/\/archive.sana.sy\/tr\/index.php?rest_route=\/wp\/v2\/users\/1"}],"replies":[{"embeddable":true,"href":"https:\/\/archive.sana.sy\/tr\/index.php?rest_route=%2Fwp%2Fv2%2Fcomments&post=60723"}],"version-history":[{"count":0,"href":"https:\/\/archive.sana.sy\/tr\/index.php?rest_route=\/wp\/v2\/posts\/60723\/revisions"}],"wp:featuredmedia":[{"embeddable":true,"href":"https:\/\/archive.sana.sy\/tr\/index.php?rest_route=\/wp\/v2\/media\/60728"}],"wp:attachment":[{"href":"https:\/\/archive.sana.sy\/tr\/index.php?rest_route=%2Fwp%2Fv2%2Fmedia&parent=60723"}],"wp:term":[{"taxonomy":"category","embeddable":true,"href":"https:\/\/archive.sana.sy\/tr\/index.php?rest_route=%2Fwp%2Fv2%2Fcategories&post=60723"},{"taxonomy":"post_tag","embeddable":true,"href":"https:\/\/archive.sana.sy\/tr\/index.php?rest_route=%2Fwp%2Fv2%2Ftags&post=60723"}],"curies":[{"name":"wp","href":"https:\/\/api.w.org\/{rel}","templated":true}]}}