{"id":60735,"date":"2016-02-07T20:35:15","date_gmt":"2016-02-07T18:35:15","guid":{"rendered":"http:\/\/www.sana.sy\/tr\/?p=60735"},"modified":"2016-02-07T15:37:40","modified_gmt":"2016-02-07T13:37:40","slug":"suriye-arap-cumhuriyeti-cumhurbaskanligi-modern-suriyenin-kurucusu-buyuk-onder-hafiz-el-esadin-esi-enise-mahlufun-06-subat-cumartesi-gunu-baskent-samdaki-ikametgahinda-86","status":"publish","type":"post","link":"https:\/\/archive.sana.sy\/tr\/?p=60735","title":{"rendered":"Suriye Arap Cumhuriyeti Cumhurba\u015fkanl\u0131\u011f\u0131 modern Suriye&#8217;nin kurucusu b\u00fcy\u00fck \u00f6nder Haf\u0131z el Esad\u2019\u0131n e\u015fi Enise Mahluf\u2019un 06 \u015eubat Cumartesi g\u00fcn\u00fc ba\u015fkent \u015eam\u2019daki ikametgah\u0131nda 86 ya\u015f\u0131nda hayata veda etti\u011fini ilan etti"},"content":{"rendered":"<p>Suriye Arap Cumhuriyeti Cumhurba\u015fkanl\u0131\u011f\u0131 modern Suriye&#8217;nin kurucusu b\u00fcy\u00fck \u00f6nder Haf\u0131z el Esad\u2019\u0131n e\u015fi Enise Mahluf\u2019un 06 \u015eubat Cumartesi g\u00fcn\u00fc ba\u015fkent \u015eam\u2019daki ikametgah\u0131nda 86 ya\u015f\u0131nda hayata veda etti\u011fini ilan etti<\/p>\n","protected":false},"excerpt":{"rendered":"<p>Suriye Arap Cumhuriyeti Cumhurba\u015fkanl\u0131\u011f\u0131 modern Suriye&#8217;nin kurucusu b\u00fcy\u00fck \u00f6nder Haf\u0131z el Esad\u2019\u0131n e\u015fi Enise Mahluf\u2019un 06 \u015eubat Cumartesi g\u00fcn\u00fc ba\u015fkent \u015eam\u2019daki ikametgah\u0131nda 86 ya\u015f\u0131nda hayata veda etti\u011fini ilan etti<\/p>\n","protected":false},"author":1,"featured_media":0,"comment_status":"closed","ping_status":"closed","sticky":false,"template":"","format":"standard","meta":{"footnotes":""},"categories":[17991],"tags":[],"class_list":["post-60735","post","type-post","status-publish","format-standard","","category-son-dakika"],"_links":{"self":[{"href":"https:\/\/archive.sana.sy\/tr\/index.php?rest_route=\/wp\/v2\/posts\/60735","targetHints":{"allow":["GET"]}}],"collection":[{"href":"https:\/\/archive.sana.sy\/tr\/index.php?rest_route=\/wp\/v2\/posts"}],"about":[{"href":"https:\/\/archive.sana.sy\/tr\/index.php?rest_route=\/wp\/v2\/types\/post"}],"author":[{"embeddable":true,"href":"https:\/\/archive.sana.sy\/tr\/index.php?rest_route=\/wp\/v2\/users\/1"}],"replies":[{"embeddable":true,"href":"https:\/\/archive.sana.sy\/tr\/index.php?rest_route=%2Fwp%2Fv2%2Fcomments&post=60735"}],"version-history":[{"count":0,"href":"https:\/\/archive.sana.sy\/tr\/index.php?rest_route=\/wp\/v2\/posts\/60735\/revisions"}],"wp:attachment":[{"href":"https:\/\/archive.sana.sy\/tr\/index.php?rest_route=%2Fwp%2Fv2%2Fmedia&parent=60735"}],"wp:term":[{"taxonomy":"category","embeddable":true,"href":"https:\/\/archive.sana.sy\/tr\/index.php?rest_route=%2Fwp%2Fv2%2Fcategories&post=60735"},{"taxonomy":"post_tag","embeddable":true,"href":"https:\/\/archive.sana.sy\/tr\/index.php?rest_route=%2Fwp%2Fv2%2Ftags&post=60735"}],"curies":[{"name":"wp","href":"https:\/\/api.w.org\/{rel}","templated":true}]}}